{"id":11751,"date":"2025-02-24T23:13:27","date_gmt":"2025-02-24T22:13:27","guid":{"rendered":"https:\/\/pasaenmendoza.com\/?p=11751"},"modified":"2025-02-24T23:13:28","modified_gmt":"2025-02-24T22:13:28","slug":"mas-controles-y-mayores-costos-la-grieta-que-genero-la-nueva-ley-de-seguridad-privada-en-mendoza","status":"publish","type":"post","link":"https:\/\/pasaenmendoza.com\/?p=11751","title":{"rendered":"M\u00e1s controles y mayores costos: la \u201cgrieta\u201d que gener\u00f3 la nueva ley de Seguridad Privada en Mendoza"},"content":{"rendered":"\n<p>El Gobierno de\u00a0<strong>Alfredo Cornejo\u00a0<\/strong>reglament\u00f3\u00a0la semana pasada la Ley 9578, que regula la actividad de las empresas\u00a0y trabajadores de la\u00a0<strong>Seguridad Privada<\/strong>\u00a0en Mendoza. A pesar del corto tiempo que lleva en vigencia, varias firmas del sector ya se han manifestado en contra de algunos puntos, especialmente por el incremento en los c\u00f3digos que deben abonar para registrarse.\u00a0<strong>Denunciaron aumentos de hasta un 300%<\/strong>.<\/p>\n\n\n\n<p>Si bien la norma\u00a0fue aprobada en la Legislatura a principios de octubre de 2024\u00a0y promulgada a finales de ese mismo mes, su reglamentaci\u00f3n reci\u00e9n se concret\u00f3 la semana pasada. No obstante, las empresas ya estaban obligadas a adecuarse a sus disposiciones.<\/p>\n\n\n\n<p>Entre los principales cambios introducidos por la ministra de Seguridad y Justicia,\u00a0<strong>Mercedes Rus<\/strong>, se estableci\u00f3\u00a0<strong>la obligatoriedad de que las empresas cuenten con un Director T\u00e9cnico recibido en Seguridad<\/strong>, que los vigiladores tengan el secundario completo y\u00a0que todas las firmas adopten un uniforme de color unificado.<\/p>\n\n\n\n<p>Otro cambio significativo fue la creaci\u00f3n del Registro Provincial de Prestadores de Seguridad Privada, Humana, Interna y Tecnol\u00f3gica. Este organismo reemplazar\u00e1 a la actual Direcci\u00f3n REPRIV y&nbsp;<strong>pasar\u00e1 a denominarse Direcci\u00f3n de Seguridad Privada (DI.SE.P.)<\/strong>.<\/p>\n\n\n\n<p>Uno de los principales cuestionamientos de los empresarios del sector es el incremento en los costos de los c\u00f3digos que deben pagar para obtener su habilitaci\u00f3n.<strong>&nbsp;En total, son cinco c\u00f3digos, cuyo costo conjunto supera los dos millones de pesos<\/strong>.<\/p>\n\n\n\n<p><em>\u201cEn 2024, estos documentos costaban entre 600 y 700 mil pesos. Actualmente, los c\u00f3digos superan los dos millones, lo que representa un aumento del 300 %. Solo el c\u00f3digo de habilitaci\u00f3n de la empresa, que se paga una vez al a\u00f1o, cuesta 1.500.000 pesos. Nos sorprendieron estos aumentos, ya que desde el Ministerio no nos informaron nada<\/em>\u201d, manifest\u00f3 un empresario<strong>.<\/strong><\/p>\n\n\n\n<p>Los c\u00f3digos exigidos por la Direcci\u00f3n de Seguridad Privada (DI.SE.P.) y sus valores aproximados son:<\/p>\n\n\n\n<ul>\n<li><strong>C\u00f3digo 131<\/strong>&nbsp;\u2013 Libros de Actas: $16.000<\/li>\n\n\n\n<li><strong>C\u00f3digo 134<\/strong>&nbsp;\u2013 Presentaci\u00f3n de Uniforme: $44.100<\/li>\n\n\n\n<li><strong>C\u00f3digo 354<\/strong>&nbsp;\u2013 Local Comercial u Oficina: $49.560<\/li>\n\n\n\n<li><strong>C\u00f3digo 562<\/strong>&nbsp;\u2013 Canon Anual: $586.500<\/li>\n\n\n\n<li><strong>C\u00f3digo 340<\/strong>&nbsp;\u2013 Habilitaci\u00f3n de la Empresa: $1.500.000<\/li>\n\n\n\n<li><strong>Total:<\/strong>&nbsp;$2.136.060<\/li>\n<\/ul>\n\n\n\n<p>Otro punto de conflicto es la obligatoriedad para que el cargo de Director T\u00e9cnico sea ocupado por un profesional en Seguridad. Este puesto es responsable de supervisar los servicios, capacitar al personal y elaborar planes de trabajo para los vigiladores, entre otras funciones.<\/p>\n\n\n\n<p>\u201c<em>Nos exigen tener un profesional, lo cual no nos parece mal. Pero pens\u00e1bamos que nos iban a dar m\u00e1s tiempo para adaptarnos<\/em>\u201d, coment\u00f3 el due\u00f1o de una empresa de seguridad.<\/p>\n\n\n\n<p>Desde el&nbsp;<strong>Ministerio de Seguridad y Justicia<\/strong>&nbsp;aseguraron que no han recibido reclamos formales de empresas ni de c\u00e1maras del sector. Respecto al aumento de los c\u00f3digos, respondieron que no tienen \u201c<em>jurisdicci\u00f3n<\/em>\u201d sobre el tema, ya que estos valores est\u00e1n regidos por la Ley Impositiva.<\/p>\n\n\n\n<p>En la<strong>&nbsp;C\u00e1mara Argentina de Empresas de Seguridad e Investigaci\u00f3n (CAESI)<\/strong>&nbsp;comprenden el reclamo de los empresarios, pero se mostraron a favor de la norma impulsada por el Ejecutivo. No obstante, se\u00f1alaron que algunas exigencias podr\u00edan ser flexibilizadas.<\/p>\n\n\n\n<p><strong>Carlos Aldecoa<\/strong>, representante de CAESI en Mendoza, respald\u00f3 la obligatoriedad de contar con un Director T\u00e9cnico, aunque sugiri\u00f3 excepciones para quienes ya tienen experiencia en el cargo.<\/p>\n\n\n\n<p>\u201c<em>Me parece bien la exigencia del Director T\u00e9cnico, porque estamos hablando de una profesionalizaci\u00f3n del \u00e1rea y un avance que cost\u00f3 mucho conseguir. Sin embargo, hay personas con 20 a\u00f1os de experiencia que ya cuentan con la idoneidad para el puesto. En esos casos, el organismo de control podr\u00eda analizar la situaci\u00f3n y hacer excepciones. Pero entiendo que las normas est\u00e1n para cumplirse<\/em>\u201d, se\u00f1al\u00f3.<\/p>\n\n\n\n<p>En cambio, fue m\u00e1s cr\u00edtico con los empresarios que cuestionan los costos de los c\u00f3digos, ya que consider\u00f3 \u201c<em>que hay mucha informalidad<\/em>\u201d en el sector.<\/p>\n\n\n\n<p>\u201c<em>Me parece perfecto que haya m\u00e1s control en este sector. La informalidad es muy alta y esto se est\u00e1 empezando a corregir. Si se quejan por un c\u00f3digo que se paga una vez al a\u00f1o y equivale al sueldo de un vigilador, \u00bfCu\u00e1nto est\u00e1n pagando realmente a sus empleados?\u201d<\/em>, cuestion\u00f3 Aldecoa.<\/p>\n\n\n\n<p>Actualmente,\u00a0en Mendoza hay unas 175 empresas de seguridad privada\u00a0que emplean a aproximadamente 12.000 vigiladores. Seg\u00fan informes de c\u00e1maras empresarias del sector,<strong>\u00a0cinco de cada diez trabajadores<\/strong>\u00a0<strong>no perciben los salarios acordados en paritarias y trabajan m\u00e1s horas de las estipuladas<\/strong>.<\/p>\n\n\n\n<p><strong>Fuente: www.elsol.com.ar<\/strong><\/p>\n","protected":false},"excerpt":{"rendered":"<p>El Gobierno de\u00a0Alfredo Cornejo\u00a0reglament\u00f3\u00a0la semana pasada la Ley 9578, que regula la actividad de las empresas\u00a0y trabajadores de la\u00a0Seguridad Privada\u00a0en Mendoza. A pesar del corto tiempo que lleva en vigencia, varias firmas del sector ya se han manifestado en contra de algunos puntos, especialmente por el incremento en los c\u00f3digos que deben abonar para registrarse.\u00a0Denunciaron [&hellip;]<\/p>\n","protected":false},"author":2,"featured_media":11752,"comment_status":"open","ping_status":"open","sticky":false,"template":"","format":"standard","meta":[],"categories":[50],"tags":[],"_links":{"self":[{"href":"https:\/\/pasaenmendoza.com\/index.php?rest_route=\/wp\/v2\/posts\/11751"}],"collection":[{"href":"https:\/\/pasaenmendoza.com\/index.php?rest_route=\/wp\/v2\/posts"}],"about":[{"href":"https:\/\/pasaenmendoza.com\/index.php?rest_route=\/wp\/v2\/types\/post"}],"author":[{"embeddable":true,"href":"https:\/\/pasaenmendoza.com\/index.php?rest_route=\/wp\/v2\/users\/2"}],"replies":[{"embeddable":true,"href":"https:\/\/pasaenmendoza.com\/index.php?rest_route=%2Fwp%2Fv2%2Fcomments&post=11751"}],"version-history":[{"count":1,"href":"https:\/\/pasaenmendoza.com\/index.php?rest_route=\/wp\/v2\/posts\/11751\/revisions"}],"predecessor-version":[{"id":11753,"href":"https:\/\/pasaenmendoza.com\/index.php?rest_route=\/wp\/v2\/posts\/11751\/revisions\/11753"}],"wp:featuredmedia":[{"embeddable":true,"href":"https:\/\/pasaenmendoza.com\/index.php?rest_route=\/wp\/v2\/media\/11752"}],"wp:attachment":[{"href":"https:\/\/pasaenmendoza.com\/index.php?rest_route=%2Fwp%2Fv2%2Fmedia&parent=11751"}],"wp:term":[{"taxonomy":"category","embeddable":true,"href":"https:\/\/pasaenmendoza.com\/index.php?rest_route=%2Fwp%2Fv2%2Fcategories&post=11751"},{"taxonomy":"post_tag","embeddable":true,"href":"https:\/\/pasaenmendoza.com\/index.php?rest_route=%2Fwp%2Fv2%2Ftags&post=11751"}],"curies":[{"name":"wp","href":"https:\/\/api.w.org\/{rel}","templated":true}]}}