{"id":11757,"date":"2025-02-24T23:25:49","date_gmt":"2025-02-24T22:25:49","guid":{"rendered":"https:\/\/pasaenmendoza.com\/?p=11757"},"modified":"2025-02-24T23:25:50","modified_gmt":"2025-02-24T22:25:50","slug":"godoy-cruz-anticipo-la-eleccion-de-su-reina-departamental-tras-la-suspension-de-la-vendimia","status":"publish","type":"post","link":"https:\/\/pasaenmendoza.com\/?p=11757","title":{"rendered":"Godoy Cruz anticip\u00f3 la elecci\u00f3n de su reina departamental tras la suspensi\u00f3n de la Vendimia"},"content":{"rendered":"\n<p>La Municipalidad de\u00a0<strong>Godoy Cruz<\/strong>\u00a0nuevamente le introdujo cambios a la programaci\u00f3n de su fiesta de la\u00a0<strong>Vendimia<\/strong>\u00a0departamental, que iba a realizarse el fin de semana pasado pero no pudo hacerlo a causa del fuerte temporal que azot\u00f3 a la provincia. En concreto, adelant\u00f3 la coronaci\u00f3n de la reina y virreina implementando un acto paralelo, con el objetivo de no alterar la planificaci\u00f3n del calendario provincial.\u00a0<\/p>\n\n\n\n<p>Inicialmente, la Vendimia iba a llevarse a cabo en el Parque San Vicente el s\u00e1bado desde las 21.30, pero cuando reci\u00e9n iniciaba el acto de presentaci\u00f3n de las reinas distritales hubo que suspenderlo porque la lluvia ya ca\u00eda con intensidad, acompa\u00f1ada de descargas el\u00e9ctricas.&nbsp;<\/p>\n\n\n\n<p>Ese d\u00eda reprogramaron para el domingo 23 a las 20.30, pero nuevamente tuvo que suspenderse (esta vez varias horas antes de su inicio)&nbsp;debido al nuevo pron\u00f3stico de tormenta y el alerta naranja emitido&nbsp;por Defensa Civil de Mendoza y el Servicio Meteorol\u00f3gico Nacional.<\/p>\n\n\n\n<figure class=\"wp-block-image\"><img decoding=\"async\" src=\"https:\/\/www.mdzol.com\/u\/fotografias\/m\/2025\/2\/24\/f768x1-1716400_1716527_5050.jpg\" alt=\"\"\/><figcaption class=\"wp-element-caption\">El cambio de fecha de la elecci\u00f3n de la reina.&nbsp;<\/figcaption><\/figure>\n\n\n\n<p>El mismo domingo, con la suspensi\u00f3n, la fiesta \u201cSo\u00f1\u00e9 y Vino\u201d qued\u00f3 reprogramada para el pr\u00f3ximo domingo 2 de marzo, pero postergar la elecci\u00f3n de la reina para esa fecha, a escasos d\u00edas de la agenda m\u00e1s intensa de actividades de la Fiesta Nacional (que es el s\u00e1bado 8), iba a implicar una complicaci\u00f3n.&nbsp;<\/p>\n\n\n\n<p>Es por eso que desde la\u00a0<strong>Municipalidad de\u00a0Godoy Cruz<\/strong>\u00a0ahora informaron el adelantamiento de la elecci\u00f3n de la reina para este martes 25 de febrero a las 21. La idea es hacer un acto en el espacio Arizu con entrada libre y gratuita por cupo, para que todos puedan presenciar la coronaci\u00f3n de la reina.\u00a0<\/p>\n\n\n\n<p>Luego, ya con reina y virreina de\u00a0<strong>Godoy Cruz\u00a0<\/strong>electa y en su presencia, el domingo llevar a cabo la fiesta con los n\u00fameros art\u00edsticos y el despliegue caracter\u00edstico.\u00a0\u201cSo\u00f1\u00e9 y Vino\u201d cuenta con la\u00a0direcci\u00f3n de N\u00e9stor Alberto Gim\u00e9nez y el libreto de Francisco Carrasco. Ser\u00e1 la \u00faltima de las vendimias departamentales.<\/p>\n\n\n\n<p><strong>Fuente: www.mdzol.com<\/strong><\/p>\n","protected":false},"excerpt":{"rendered":"<p>La Municipalidad de\u00a0Godoy Cruz\u00a0nuevamente le introdujo cambios a la programaci\u00f3n de su fiesta de la\u00a0Vendimia\u00a0departamental, que iba a realizarse el fin de semana pasado pero no pudo hacerlo a causa del fuerte temporal que azot\u00f3 a la provincia. En concreto, adelant\u00f3 la coronaci\u00f3n de la reina y virreina implementando un acto paralelo, con el objetivo [&hellip;]<\/p>\n","protected":false},"author":2,"featured_media":11759,"comment_status":"open","ping_status":"open","sticky":false,"template":"","format":"standard","meta":[],"categories":[74],"tags":[],"_links":{"self":[{"href":"https:\/\/pasaenmendoza.com\/index.php?rest_route=\/wp\/v2\/posts\/11757"}],"collection":[{"href":"https:\/\/pasaenmendoza.com\/index.php?rest_route=\/wp\/v2\/posts"}],"about":[{"href":"https:\/\/pasaenmendoza.com\/index.php?rest_route=\/wp\/v2\/types\/post"}],"author":[{"embeddable":true,"href":"https:\/\/pasaenmendoza.com\/index.php?rest_route=\/wp\/v2\/users\/2"}],"replies":[{"embeddable":true,"href":"https:\/\/pasaenmendoza.com\/index.php?rest_route=%2Fwp%2Fv2%2Fcomments&post=11757"}],"version-history":[{"count":1,"href":"https:\/\/pasaenmendoza.com\/index.php?rest_route=\/wp\/v2\/posts\/11757\/revisions"}],"predecessor-version":[{"id":11760,"href":"https:\/\/pasaenmendoza.com\/index.php?rest_route=\/wp\/v2\/posts\/11757\/revisions\/11760"}],"wp:featuredmedia":[{"embeddable":true,"href":"https:\/\/pasaenmendoza.com\/index.php?rest_route=\/wp\/v2\/media\/11759"}],"wp:attachment":[{"href":"https:\/\/pasaenmendoza.com\/index.php?rest_route=%2Fwp%2Fv2%2Fmedia&parent=11757"}],"wp:term":[{"taxonomy":"category","embeddable":true,"href":"https:\/\/pasaenmendoza.com\/index.php?rest_route=%2Fwp%2Fv2%2Fcategories&post=11757"},{"taxonomy":"post_tag","embeddable":true,"href":"https:\/\/pasaenmendoza.com\/index.php?rest_route=%2Fwp%2Fv2%2Ftags&post=11757"}],"curies":[{"name":"wp","href":"https:\/\/api.w.org\/{rel}","templated":true}]}}