{"id":11761,"date":"2025-02-25T13:53:49","date_gmt":"2025-02-25T12:53:49","guid":{"rendered":"https:\/\/pasaenmendoza.com\/?p=11761"},"modified":"2025-02-25T13:53:50","modified_gmt":"2025-02-25T12:53:50","slug":"el-tiempo-en-mendoza-otro-martes-hot-con-mas-tormentas","status":"publish","type":"post","link":"https:\/\/pasaenmendoza.com\/?p=11761","title":{"rendered":"El tiempo en Mendoza: otro martes \u201chot\u201d, con m\u00e1s tormentas"},"content":{"rendered":"\n<p><strong>La temperatura m\u00e1xima para este martes ser\u00e1 de 36 grados cent\u00edgrados<\/strong>, mientras que&nbsp;<strong>la m\u00ednima<\/strong>&nbsp;tendr\u00e1 una leve disminuci\u00f3n respecto al lunes:&nbsp;<strong>24 grados cent\u00edgrados.<\/strong><\/p>\n\n\n\n<p>El pron\u00f3stico de la Direcci\u00f3n de Contingencias Clim\u00e1ticas adelant\u00f3 que habr\u00e1 \u201c<em>nubosidad variable con poco cambio de la temperatura y vientos moderados del sector sur<\/em>\u201c.<\/p>\n\n\n\n<p>Adem\u00e1s, se prev\u00e9n \u201c<em>tormentas durante la noche<\/em>\u201c.<\/p>\n\n\n\n<p>El Servicio Meteorol\u00f3gico Nacional tiene a varias zonas de la provincia en\u00a0<strong>alerta amarilla por tormentas, entre la noche del lunes y la madrugada del martes<\/strong>.<\/p>\n\n\n\n<p><strong>Rige para el Este de Las Heras, La Paz, Lavalle, San Mart\u00edn y Santa Rosa.<\/strong><\/p>\n\n\n\n<p>Tambi\u00e9n para&nbsp;<strong>General Alvear y la Zona baja de San Rafael.<\/strong><\/p>\n\n\n\n<p>El nivel amarillo implica que \u201c<em>el \u00e1rea ser\u00e1 afectada por\u00a0<strong>tormentas aisladas<\/strong>, algunas localmente<strong>\u00a0fuertes o severas<\/strong>. Las mismas podr\u00e1n estar acompa\u00f1adas por abundante precipitaci\u00f3n en cortos per\u00edodos, fuerte actividad el\u00e9ctrica,<strong>\u00a0granizo<\/strong>\u00a0y r\u00e1fagas intensas que pueden exceder los 60 kil\u00f3metros por hora. Se prev\u00e9n valores de precipitaci\u00f3n acumulada entre 20 y 40 mm, pudiendo ser superados en forma puntual<\/em>\u201c.<\/p>\n\n\n\n<p><strong>Fuente: www.elsol.com.ar<\/strong><\/p>\n","protected":false},"excerpt":{"rendered":"<p>La temperatura m\u00e1xima para este martes ser\u00e1 de 36 grados cent\u00edgrados, mientras que&nbsp;la m\u00ednima&nbsp;tendr\u00e1 una leve disminuci\u00f3n respecto al lunes:&nbsp;24 grados cent\u00edgrados. El pron\u00f3stico de la Direcci\u00f3n de Contingencias Clim\u00e1ticas adelant\u00f3 que habr\u00e1 \u201cnubosidad variable con poco cambio de la temperatura y vientos moderados del sector sur\u201c. Adem\u00e1s, se prev\u00e9n \u201ctormentas durante la noche\u201c. El [&hellip;]<\/p>\n","protected":false},"author":2,"featured_media":11762,"comment_status":"open","ping_status":"open","sticky":false,"template":"","format":"standard","meta":[],"categories":[52],"tags":[],"_links":{"self":[{"href":"https:\/\/pasaenmendoza.com\/index.php?rest_route=\/wp\/v2\/posts\/11761"}],"collection":[{"href":"https:\/\/pasaenmendoza.com\/index.php?rest_route=\/wp\/v2\/posts"}],"about":[{"href":"https:\/\/pasaenmendoza.com\/index.php?rest_route=\/wp\/v2\/types\/post"}],"author":[{"embeddable":true,"href":"https:\/\/pasaenmendoza.com\/index.php?rest_route=\/wp\/v2\/users\/2"}],"replies":[{"embeddable":true,"href":"https:\/\/pasaenmendoza.com\/index.php?rest_route=%2Fwp%2Fv2%2Fcomments&post=11761"}],"version-history":[{"count":1,"href":"https:\/\/pasaenmendoza.com\/index.php?rest_route=\/wp\/v2\/posts\/11761\/revisions"}],"predecessor-version":[{"id":11763,"href":"https:\/\/pasaenmendoza.com\/index.php?rest_route=\/wp\/v2\/posts\/11761\/revisions\/11763"}],"wp:featuredmedia":[{"embeddable":true,"href":"https:\/\/pasaenmendoza.com\/index.php?rest_route=\/wp\/v2\/media\/11762"}],"wp:attachment":[{"href":"https:\/\/pasaenmendoza.com\/index.php?rest_route=%2Fwp%2Fv2%2Fmedia&parent=11761"}],"wp:term":[{"taxonomy":"category","embeddable":true,"href":"https:\/\/pasaenmendoza.com\/index.php?rest_route=%2Fwp%2Fv2%2Fcategories&post=11761"},{"taxonomy":"post_tag","embeddable":true,"href":"https:\/\/pasaenmendoza.com\/index.php?rest_route=%2Fwp%2Fv2%2Ftags&post=11761"}],"curies":[{"name":"wp","href":"https:\/\/api.w.org\/{rel}","templated":true}]}}