{"id":11764,"date":"2025-02-25T14:10:24","date_gmt":"2025-02-25T13:10:24","guid":{"rendered":"https:\/\/pasaenmendoza.com\/?p=11764"},"modified":"2025-02-25T14:10:25","modified_gmt":"2025-02-25T13:10:25","slug":"educacion-que-pasara-con-la-deuda-que-nacion-tiene-con-mendoza","status":"publish","type":"post","link":"https:\/\/pasaenmendoza.com\/?p=11764","title":{"rendered":"Educaci\u00f3n: qu\u00e9 pasar\u00e1 con la deuda que Naci\u00f3n tiene con Mendoza"},"content":{"rendered":"\n<p>El Gobierno nacional le debe a Mendoza m\u00e1s de<strong>&nbsp;18.000 millones de pesos.<\/strong>&nbsp;La cifra principal corresponde al&nbsp;<strong>Fondo Nacional de Incentivo Docente<\/strong>&nbsp;(FONID), un subsidio que Naci\u00f3n otorgaba a las provincias y que estaba destinado a mejorar los salarios de los docentes, hasta que la gesti\u00f3n de Javier Milei lo elimin\u00f3 en 2024.<\/p>\n\n\n\n<p>Actualmente,\u00a0<strong>el reclamo por la deuda est\u00e1 en v\u00eda administrativa<\/strong>. Esto involucra un proceso de di\u00e1logo con el\u00a0<strong>Ministerio de Econom\u00eda de Naci\u00f3n<\/strong>, que es el que debe pagar esos fondos. Sin embargo, en unos d\u00edas se agotar\u00e1 la instancia mencionada, y desde el Ministerio de Educaci\u00f3n, Cultura, Infancias y DGE, plantearon que esperan una respuesta para determinar c\u00f3mo seguir.<\/p>\n\n\n\n<p>\u201c<em>El reclamo en estos d\u00edas va a agotar la v\u00eda administrativa. Por lo que, dependiendo de lo que diga el Ministerio de Econom\u00eda, ser\u00e1 el camino a tomar. Vamos a esperar<\/em>\u201c, asegur\u00f3 el ministro de Educaci\u00f3n,&nbsp;<strong>Tadeo Garc\u00eda Zalazar<\/strong>.<\/p>\n\n\n\n<p>Del total de la deuda,\u00a0<strong>8.200 millones de pesos<\/strong>\u00a0corresponden al FONID;\u00a0<strong>6.300 millones de pesos<\/strong>\u00a0a la Cl\u00e1usula de Garant\u00eda del Salario M\u00ednimo; y\u00a0<strong>4.000 millones de pesos<\/strong>\u00a0son por el mantenimiento de los edificios escolares. En total,\u00a0<strong>18.500 millones de pesos<\/strong>.<\/p>\n\n\n\n<p>En cuanto a los fondos nacionales que se mantienen en la provincia, Garc\u00eda Zalazar se\u00f1al\u00f3 que los mismos tienen que ver<strong>&nbsp;con alimentaci\u00f3n, inversi\u00f3n en libros y educaci\u00f3n t\u00e9cnica.<\/strong><\/p>\n\n\n\n<p>\u201c<em>Llega el 7% de alimentaci\u00f3n; el 30% de lo que Mendoza invierte en libros, que este a\u00f1o ampliar\u00e1 su cobertura; y lo que tiene que ver con educaci\u00f3n t\u00e9cnica. El resto de los fondos que est\u00e1n incluidos en la Ley de Financiamiento Educativo est\u00e1n suspendidos. A\u00fan no se sabe si de manera definitiva<\/em>\u201c, concluy\u00f3.<\/p>\n\n\n\n<p><strong>Fuente: www.elsol.com.ar<\/strong><\/p>\n","protected":false},"excerpt":{"rendered":"<p>El Gobierno nacional le debe a Mendoza m\u00e1s de&nbsp;18.000 millones de pesos.&nbsp;La cifra principal corresponde al&nbsp;Fondo Nacional de Incentivo Docente&nbsp;(FONID), un subsidio que Naci\u00f3n otorgaba a las provincias y que estaba destinado a mejorar los salarios de los docentes, hasta que la gesti\u00f3n de Javier Milei lo elimin\u00f3 en 2024. Actualmente,\u00a0el reclamo por la deuda [&hellip;]<\/p>\n","protected":false},"author":2,"featured_media":11765,"comment_status":"open","ping_status":"open","sticky":false,"template":"","format":"standard","meta":[],"categories":[56],"tags":[],"_links":{"self":[{"href":"https:\/\/pasaenmendoza.com\/index.php?rest_route=\/wp\/v2\/posts\/11764"}],"collection":[{"href":"https:\/\/pasaenmendoza.com\/index.php?rest_route=\/wp\/v2\/posts"}],"about":[{"href":"https:\/\/pasaenmendoza.com\/index.php?rest_route=\/wp\/v2\/types\/post"}],"author":[{"embeddable":true,"href":"https:\/\/pasaenmendoza.com\/index.php?rest_route=\/wp\/v2\/users\/2"}],"replies":[{"embeddable":true,"href":"https:\/\/pasaenmendoza.com\/index.php?rest_route=%2Fwp%2Fv2%2Fcomments&post=11764"}],"version-history":[{"count":1,"href":"https:\/\/pasaenmendoza.com\/index.php?rest_route=\/wp\/v2\/posts\/11764\/revisions"}],"predecessor-version":[{"id":11766,"href":"https:\/\/pasaenmendoza.com\/index.php?rest_route=\/wp\/v2\/posts\/11764\/revisions\/11766"}],"wp:featuredmedia":[{"embeddable":true,"href":"https:\/\/pasaenmendoza.com\/index.php?rest_route=\/wp\/v2\/media\/11765"}],"wp:attachment":[{"href":"https:\/\/pasaenmendoza.com\/index.php?rest_route=%2Fwp%2Fv2%2Fmedia&parent=11764"}],"wp:term":[{"taxonomy":"category","embeddable":true,"href":"https:\/\/pasaenmendoza.com\/index.php?rest_route=%2Fwp%2Fv2%2Fcategories&post=11764"},{"taxonomy":"post_tag","embeddable":true,"href":"https:\/\/pasaenmendoza.com\/index.php?rest_route=%2Fwp%2Fv2%2Ftags&post=11764"}],"curies":[{"name":"wp","href":"https:\/\/api.w.org\/{rel}","templated":true}]}}