{"id":11767,"date":"2025-02-25T21:49:14","date_gmt":"2025-02-25T20:49:14","guid":{"rendered":"https:\/\/pasaenmendoza.com\/?p=11767"},"modified":"2025-02-25T21:49:15","modified_gmt":"2025-02-25T20:49:15","slug":"alfredo-cornejo-se-reunio-con-el-embajador-de-canada-en-la-previa-de-la-feria-de-mineria-pdac","status":"publish","type":"post","link":"https:\/\/pasaenmendoza.com\/?p=11767","title":{"rendered":"Alfredo Cornejo se reuni\u00f3 con el embajador de Canad\u00e1 en la previa de la feria de miner\u00eda PDAC"},"content":{"rendered":"\n<p>El gobernador de Mendoza,\u00a0<strong>Alfredo Cornejo<\/strong>, visit\u00f3 este martes al embajador de Canad\u00e1 en Argentina, Stewart Wheeler, en la previa de la feria de\u00a0<strong>miner\u00eda\u00a0<\/strong>PDAC (Prospectors &amp; Developers Association of Canada) que se desarrollar\u00e1 del 2 al 5 de marzo.<\/p>\n\n\n\n<p>Cornejo comparti\u00f3 con el canadiense los \u201cavances logrados en el sector, como la puesta en marcha del&nbsp;<strong>Malarg\u00fce Distrito Minero Occidental<\/strong>, con 34 proyectos que ya tienen su declaraci\u00f3n de impacto ambiental y otros que est\u00e1n en proceso de evaluaci\u00f3n, junto a la creaci\u00f3n de la Polic\u00eda Ambiental Minera y los cambios en el C\u00f3digo de Procedimiento Minero\u201d.<\/p>\n\n\n\n<p>Como ya anticip\u00f3, estos logros ser\u00e1n presentados por el Gobierno de Mendoza en la\u00a0<strong>feria minera<\/strong>\u00a0durante el Argentina Day, previsto para el 3 de marzo.<\/p>\n\n\n\n<p>Hasta el momento, est\u00e1 confirmada la presencia de la ministra de Energ\u00eda y Ambiente, Jimena Latorre, y el director de&nbsp;<strong>Miner\u00eda<\/strong>, Jer\u00f3nimo Shantal. Mientras que el viaje de Alfredo Cornejo a\u00fan no est\u00e1 cerrado, debido a la superposici\u00f3n de la feria con los eventos propios de la Fiesta Nacional de la Vendimia.<\/p>\n\n\n\n<h2 class=\"wp-block-heading\">A qu\u00e9 va Mendoza a la feria de miner\u00eda m\u00e1s importante del mundo<\/h2>\n\n\n\n<p>Fue el propio\u00a0<strong>Alfredo Cornejo<\/strong>\u00a0el que cont\u00f3 que, en esta\u00a0nueva edici\u00f3n de la\u00a0<strong>PDAC<\/strong>, el objetivo del Gobierno \u201ces seguir atrayendo inversiones que generen empleo de calidad y potencien el crecimiento de Mendoza\u201d.<\/p>\n\n\n\n<p>Adem\u00e1s, seg\u00fan confiaron desde Casa de Gobierno, en la\u00a0<strong>feria minera<\/strong>\u00a0tambi\u00e9n se har\u00e1 hincapi\u00e9 en el resurgimiento del\u00a0PSJ cobre mendocino, por el que el a\u00f1o pasado hubo muchas consultas.<\/p>\n\n\n\n<p>Este a\u00f1o, Mendoza podr\u00e1 mostrar que volvi\u00f3 a presentarse el informe ambiental del proyecto de&nbsp;<strong>explotaci\u00f3n minera<\/strong>&nbsp;en Uspallata.<\/p>\n\n\n\n<h2 class=\"wp-block-heading\">Qu\u00e9 es la PDAC de miner\u00eda<\/h2>\n\n\n\n<p>La&nbsp;<strong>PDAC&nbsp;<\/strong>(Prospectors &amp; Developers Association of Canadas) es la&nbsp;<strong>convenci\u00f3n minera<\/strong>&nbsp;m\u00e1s relevante del mundo. Arranc\u00f3 en 1932 y, desde entonces, creci\u00f3 en tal magnitud que se transform\u00f3 en el evento m\u00e1s elegido por la industria.<\/p>\n\n\n\n<p>Anualmente, la&nbsp;<strong>PDAC&nbsp;<\/strong>atrae a m\u00e1s de 1.000 expositores, 2.500 inversores y en general a unos 30.000 asistentes.<\/p>\n\n\n\n<p>Empresarios, financistas, administradores de fondos, abogados, geocient\u00edficos, estudiantes y autoridades gubernamentales de todo el mundo se re\u00fanen en esta feria de\u00a0<strong>miner\u00eda<\/strong>.<\/p>\n\n\n\n<p><strong>Fuente: www.diariouno.com.ar<\/strong><\/p>\n","protected":false},"excerpt":{"rendered":"<p>El gobernador de Mendoza,\u00a0Alfredo Cornejo, visit\u00f3 este martes al embajador de Canad\u00e1 en Argentina, Stewart Wheeler, en la previa de la feria de\u00a0miner\u00eda\u00a0PDAC (Prospectors &amp; Developers Association of Canada) que se desarrollar\u00e1 del 2 al 5 de marzo. Cornejo comparti\u00f3 con el canadiense los \u201cavances logrados en el sector, como la puesta en marcha del&nbsp;Malarg\u00fce [&hellip;]<\/p>\n","protected":false},"author":2,"featured_media":11768,"comment_status":"open","ping_status":"open","sticky":false,"template":"","format":"standard","meta":[],"categories":[47],"tags":[],"_links":{"self":[{"href":"https:\/\/pasaenmendoza.com\/index.php?rest_route=\/wp\/v2\/posts\/11767"}],"collection":[{"href":"https:\/\/pasaenmendoza.com\/index.php?rest_route=\/wp\/v2\/posts"}],"about":[{"href":"https:\/\/pasaenmendoza.com\/index.php?rest_route=\/wp\/v2\/types\/post"}],"author":[{"embeddable":true,"href":"https:\/\/pasaenmendoza.com\/index.php?rest_route=\/wp\/v2\/users\/2"}],"replies":[{"embeddable":true,"href":"https:\/\/pasaenmendoza.com\/index.php?rest_route=%2Fwp%2Fv2%2Fcomments&post=11767"}],"version-history":[{"count":1,"href":"https:\/\/pasaenmendoza.com\/index.php?rest_route=\/wp\/v2\/posts\/11767\/revisions"}],"predecessor-version":[{"id":11769,"href":"https:\/\/pasaenmendoza.com\/index.php?rest_route=\/wp\/v2\/posts\/11767\/revisions\/11769"}],"wp:featuredmedia":[{"embeddable":true,"href":"https:\/\/pasaenmendoza.com\/index.php?rest_route=\/wp\/v2\/media\/11768"}],"wp:attachment":[{"href":"https:\/\/pasaenmendoza.com\/index.php?rest_route=%2Fwp%2Fv2%2Fmedia&parent=11767"}],"wp:term":[{"taxonomy":"category","embeddable":true,"href":"https:\/\/pasaenmendoza.com\/index.php?rest_route=%2Fwp%2Fv2%2Fcategories&post=11767"},{"taxonomy":"post_tag","embeddable":true,"href":"https:\/\/pasaenmendoza.com\/index.php?rest_route=%2Fwp%2Fv2%2Ftags&post=11767"}],"curies":[{"name":"wp","href":"https:\/\/api.w.org\/{rel}","templated":true}]}}