{"id":11770,"date":"2025-02-25T21:54:57","date_gmt":"2025-02-25T20:54:57","guid":{"rendered":"https:\/\/pasaenmendoza.com\/?p=11770"},"modified":"2025-02-25T21:54:58","modified_gmt":"2025-02-25T20:54:58","slug":"el-factor-que-pone-en-riesgo-el-primer-acto-oficial-de-la-vendimia-2025","status":"publish","type":"post","link":"https:\/\/pasaenmendoza.com\/?p=11770","title":{"rendered":"El factor que pone en riesgo el primer acto oficial de la Vendimia 2025"},"content":{"rendered":"\n<p><strong>Mendoza<\/strong>&nbsp;se prepara para dar inicio a los actos oficiales de la&nbsp;<strong>Fiesta Nacional de la Vendimia 2025<\/strong>. Sin embargo, desde el Gobierno hay m\u00e1s dudas que certezas en cuanto a la realizaci\u00f3n de la&nbsp;<strong>Bendici\u00f3n de los Frutos<\/strong>, prevista para el s\u00e1bado 1 de marzo a las 21, en el Parque San Vicente de Godoy Cruz.<\/p>\n\n\n\n<p>Los argumentos sobre las dudas de la realizaci\u00f3n del festejo ecum\u00e9nico tienen que ver particularmente con las&nbsp;<strong>condiciones meteorol\u00f3gicas adversas<\/strong>&nbsp;pronosticadas en Mendoza.<\/p>\n\n\n\n<p>Adem\u00e1s, ese d\u00eda, en el mismo horario est\u00e1 prevista la&nbsp;<strong>Cadena Nacional de Javier Milei por la apertura de las sesiones ordinarias 2025 del Congreso de la Naci\u00f3n<\/strong>. Esto impedir\u00eda la transmisi\u00f3n oficial en Mendoza de la Bendici\u00f3n de los Frutos a trav\u00e9s de los canales de televisi\u00f3n porque tendr\u00e1n que retransmitir los anuncios presidenciales.<\/p>\n\n\n\n<p>\u201cEstamos al tanto de lo que se viene y trabajamos en ver posibles modificaciones. Hoy no hay cambios respecto al d\u00eda y horario, pero la ceremonia de&nbsp;<strong>la Bendici\u00f3n de los frutos est\u00e1 sujeta a modificaciones<\/strong>\u201c, expres\u00f3 Diego Gareca, subsecretario de Cultura.<\/p>\n\n\n\n<h2 class=\"wp-block-heading\" id=\"h-bendicion-de-los-frutos-sujeta-a-modificaciones\">Bendici\u00f3n de los frutos, sujeta a modificaciones<\/h2>\n\n\n\n<p>Si bien en un principio, la ceremonia se iba a realizar el domingo 2 marzo, con el tiempo, la fecha se traslad\u00f3 al s\u00e1bado 1 de marzo por problemas en la agenda oficial del gobernador,<strong>\u00a0Alfredo Cornejo<\/strong>, que iba a participar de una cumbre minera en Canad\u00e1, pero cuya asistencia a\u00fan no est\u00e1 confirmada.<\/p>\n\n\n\n<p>De modo que, en las \u00faltimas horas, el festejo \u201c<strong><em>vuelve a estar en boca de todos<\/em><\/strong>\u201d ya que podr\u00eda sufrir una nueva modificaci\u00f3n, aunque no est\u00e1 confirmado.<\/p>\n\n\n\n<p>\u201cNuestra mayor preocupaci\u00f3n tiene que ver con la&nbsp;<strong>cuesti\u00f3n meteorol\u00f3gica<\/strong>&nbsp;que no nos est\u00e1 dando tregua esta semana. De hecho, varias actividades han tenido que ser reprogramadas por las fuertes tormentas (Vendimia de Godoy Cruz, Paseo de las Burbujas).&nbsp;<strong>Todo est\u00e1 supeditado al tema del clima<\/strong>\u201c, manifest\u00f3 Gareca.<\/p>\n\n\n\n<p>Asimismo, el funcionario aclar\u00f3: \u201c<strong>Estamos tratando de no suspender la mayor cantidad de eventos,<\/strong>&nbsp;de hecho, trasladamos el Paseo Federal (que se iba a realizar en el Parque San Vicente, Godoy Cruz) al Espacio Arizu para que los mendocinos puedan disfrutarlo\u201d, expres\u00f3 el subsecretario de Cultura.<\/p>\n\n\n\n<p>Por otro lado, advirti\u00f3 que \u201cestamos al tanto de la Cadena Nacional que realizar\u00e1 Javier Milei el s\u00e1bado 1 de marzo por la Apertura de Sesiones Ordinarias y, por el momento, ese&nbsp;<strong>no podr\u00eda ser motivo de suspensi\u00f3n del festejo<\/strong>, pero hoy no hay nada definido\u201d.<\/p>\n\n\n\n<p>\u201cEs muy dif\u00edcil comunicar hoy algo que puede cambiar ma\u00f1ana\u201d, dijo y asegur\u00f3 que \u201c<strong><em>est\u00e1n analizando todos los escenarios posibles<\/em><\/strong>\u201c.<\/p>\n\n\n\n<p><strong>Fuente: www.elsol.com.ar<\/strong><\/p>\n","protected":false},"excerpt":{"rendered":"<p>Mendoza&nbsp;se prepara para dar inicio a los actos oficiales de la&nbsp;Fiesta Nacional de la Vendimia 2025. Sin embargo, desde el Gobierno hay m\u00e1s dudas que certezas en cuanto a la realizaci\u00f3n de la&nbsp;Bendici\u00f3n de los Frutos, prevista para el s\u00e1bado 1 de marzo a las 21, en el Parque San Vicente de Godoy Cruz. Los [&hellip;]<\/p>\n","protected":false},"author":2,"featured_media":11771,"comment_status":"open","ping_status":"open","sticky":false,"template":"","format":"standard","meta":[],"categories":[74],"tags":[],"_links":{"self":[{"href":"https:\/\/pasaenmendoza.com\/index.php?rest_route=\/wp\/v2\/posts\/11770"}],"collection":[{"href":"https:\/\/pasaenmendoza.com\/index.php?rest_route=\/wp\/v2\/posts"}],"about":[{"href":"https:\/\/pasaenmendoza.com\/index.php?rest_route=\/wp\/v2\/types\/post"}],"author":[{"embeddable":true,"href":"https:\/\/pasaenmendoza.com\/index.php?rest_route=\/wp\/v2\/users\/2"}],"replies":[{"embeddable":true,"href":"https:\/\/pasaenmendoza.com\/index.php?rest_route=%2Fwp%2Fv2%2Fcomments&post=11770"}],"version-history":[{"count":1,"href":"https:\/\/pasaenmendoza.com\/index.php?rest_route=\/wp\/v2\/posts\/11770\/revisions"}],"predecessor-version":[{"id":11772,"href":"https:\/\/pasaenmendoza.com\/index.php?rest_route=\/wp\/v2\/posts\/11770\/revisions\/11772"}],"wp:featuredmedia":[{"embeddable":true,"href":"https:\/\/pasaenmendoza.com\/index.php?rest_route=\/wp\/v2\/media\/11771"}],"wp:attachment":[{"href":"https:\/\/pasaenmendoza.com\/index.php?rest_route=%2Fwp%2Fv2%2Fmedia&parent=11770"}],"wp:term":[{"taxonomy":"category","embeddable":true,"href":"https:\/\/pasaenmendoza.com\/index.php?rest_route=%2Fwp%2Fv2%2Fcategories&post=11770"},{"taxonomy":"post_tag","embeddable":true,"href":"https:\/\/pasaenmendoza.com\/index.php?rest_route=%2Fwp%2Fv2%2Ftags&post=11770"}],"curies":[{"name":"wp","href":"https:\/\/api.w.org\/{rel}","templated":true}]}}