{"id":11776,"date":"2025-02-25T22:28:13","date_gmt":"2025-02-25T21:28:13","guid":{"rendered":"https:\/\/pasaenmendoza.com\/?p=11776"},"modified":"2025-02-25T22:28:14","modified_gmt":"2025-02-25T21:28:14","slug":"la-media-maraton-de-ciudad-se-correra-el-domingo-23-de-marzo","status":"publish","type":"post","link":"https:\/\/pasaenmendoza.com\/?p=11776","title":{"rendered":"La Media Marat\u00f3n de Ciudad se correr\u00e1 el domingo 23 de marzo"},"content":{"rendered":"\n<p>Falta menos de un mes\u00a0para que la\u00a0<strong>Ciudad de Mendoza<\/strong>\u00a0vuelva a vibrar con su tradicional\u00a0<strong>Media Marat\u00f3n<\/strong>, que en esta\u00a0edici\u00f3n 2025\u00a0celebrar\u00e1 su\u00a0<strong>d\u00e9cimo\u00a0aniversario<\/strong>.\u00a0<strong>La\u00a0competencia\u00a0se llevar\u00e1 a cabo el\u00a0domingo 23 de marzo\u00a0<\/strong>y recorrer\u00e1 algunos de los espacios m\u00e1s emblem\u00e1ticos de la\u00a0<strong>capital mendocina<\/strong>, con circuitos de\u00a0<strong>21K y 10K<\/strong>\u00a0que pondr\u00e1n a prueba la resistencia y velocidad de los corredores.<\/p>\n\n\n\n<p>Este evento se ha consolidado como\u00a0<strong>una de las carreras m\u00e1s importantes de la regi\u00f3n<\/strong>, atrayendo a destacados atletas nacionales e internacionales. Desde su primera edici\u00f3n, la\u00a0<strong>Media Marat\u00f3n<\/strong>\u00a0ha sido una experiencia \u00fanica, no s\u00f3lo por la exigencia de la competencia, sino tambi\u00e9n por su entorno privilegiado, que combina deporte, naturaleza y el paisaje urbano.<\/p>\n\n\n\n<p><strong>Inscripciones abiertas y preparaci\u00f3n para la competencia<\/strong><\/p>\n\n\n\n<p>Las inscripciones para la carrera siguen abiertas. Todos los interesados pueden registrarse y asegurar su participaci\u00f3n a trav\u00e9s del\u00a0<strong>link disponible aqu\u00ed<\/strong>.\u00a0Cada corredor inscrito recibir\u00e1 un\u00a0<strong>kit deportivo<\/strong>, que incluir\u00e1 la\u00a0<strong>remera oficial de la carrera<\/strong>, un\u00a0<strong>n\u00famero de identificaci\u00f3n<\/strong>\u00a0y un\u00a0<strong>chip de clasificaci\u00f3n<\/strong>.\u00a0El retiro de estos kits se realizar\u00e1 el\u00a0<strong>s\u00e1bado 22 de marzo<\/strong>, en la\u00a0<strong>Nave Cultural<\/strong>, de\u00a0<strong>10 a 18 horas<\/strong>.<\/p>\n\n\n\n<p>Adem\u00e1s, para quienes buscan llegar en su mejor forma a la carrera, la\u00a0<strong>Ciudad de Mendoza ofrece\u00a0entrenamientos gratuitos de running<\/strong>\u00a0en el Parque Central. Estas sesiones, dirigidas por profesionales, se llevan a cabo los\u00a0<strong>martes y jueves a las 19:30h<\/strong>, brindando a los participantes la posibilidad de mejorar su resistencia y t\u00e9cnica de cara al desaf\u00edo del 23 de marzo.<\/p>\n\n\n\n<p><strong>Premios y categor\u00edas<\/strong><\/p>\n\n\n\n<p>La&nbsp;<strong>Media Marat\u00f3n<\/strong>&nbsp;no s\u00f3lo ofrece una experiencia deportiva inigualable, sino que tambi\u00e9n premiar\u00e1 a los mejores competidores. En la categor\u00eda&nbsp;<strong>21K general<\/strong>, los tres primeros puestos en damas y varones recibir\u00e1n premios de&nbsp;<strong>$300.000, $250.000 y $200.000<\/strong>, respectivamente. En la&nbsp;<strong>categor\u00eda 10K<\/strong>, los montos ser\u00e1n de&nbsp;<strong>$200.000, $150.000 y $100.000<\/strong>.<\/p>\n\n\n\n<p>Adem\u00e1s, se otorgar\u00e1 un&nbsp;<strong>premio especial de $150.000<\/strong>&nbsp;para el atleta que logre superar el r\u00e9cord del circuito de los&nbsp;<strong>21K<\/strong>.&nbsp;Otro reconocimiento especial ser\u00e1 para el&nbsp;<strong>mejor corredor residente de la Ciudad de Mendoza<\/strong>, quien recibir\u00e1 un premio de&nbsp;<strong>$150.000<\/strong>.<\/p>\n\n\n\n<p><strong>Un evento deportivo para toda la comunidad<\/strong><\/p>\n\n\n\n<p>M\u00e1s all\u00e1 de la competencia, la&nbsp;<strong>Media Marat\u00f3n de la Ciudad de Mendoza<\/strong>&nbsp;se ha convertido en un&nbsp;<strong>evento deportivo,&nbsp;social y tur\u00edstico de gran magnitud<\/strong>, promoviendo h\u00e1bitos saludables y fomentando la participaci\u00f3n de personas de todas las edades. La carrera est\u00e1 abierta a corredores desde los&nbsp;<strong>16 a\u00f1os<\/strong>, quienes deber\u00e1n presentar una autorizaci\u00f3n firmada por su tutor legal si son menores de edad.<\/p>\n\n\n\n<p>Este a\u00f1o, la edici\u00f3n n\u00famero diez promete ser&nbsp;<strong>una de las m\u00e1s emocionantes hasta la fecha<\/strong>, consolidando a la&nbsp;<strong>Ciudad&nbsp;como un punto de referencia para el atletismo en la regi\u00f3n<\/strong>. Con recorridos dise\u00f1ados para disfrutar de la belleza de la ciudad, premios atractivos y una organizaci\u00f3n de primer nivel, la competencia del&nbsp;<strong>23 de marzo<\/strong>&nbsp;ser\u00e1 una cita imperdible para los amantes del running.<\/p>\n\n\n\n<p>La invitaci\u00f3n est\u00e1 hecha:\u00a0<strong>todav\u00eda hay tiempo para inscribirse\u00a0y sumarse a esta gran fiesta del deporte en la Ciudad de Mendoza<\/strong>.<strong>\u00a0<\/strong><\/p>\n\n\n\n<p><strong>Fuente: www.diariomendoza.com.ar<\/strong><\/p>\n","protected":false},"excerpt":{"rendered":"<p>Falta menos de un mes\u00a0para que la\u00a0Ciudad de Mendoza\u00a0vuelva a vibrar con su tradicional\u00a0Media Marat\u00f3n, que en esta\u00a0edici\u00f3n 2025\u00a0celebrar\u00e1 su\u00a0d\u00e9cimo\u00a0aniversario.\u00a0La\u00a0competencia\u00a0se llevar\u00e1 a cabo el\u00a0domingo 23 de marzo\u00a0y recorrer\u00e1 algunos de los espacios m\u00e1s emblem\u00e1ticos de la\u00a0capital mendocina, con circuitos de\u00a021K y 10K\u00a0que pondr\u00e1n a prueba la resistencia y velocidad de los corredores. Este evento se [&hellip;]<\/p>\n","protected":false},"author":2,"featured_media":11777,"comment_status":"open","ping_status":"open","sticky":false,"template":"","format":"standard","meta":[],"categories":[81],"tags":[],"_links":{"self":[{"href":"https:\/\/pasaenmendoza.com\/index.php?rest_route=\/wp\/v2\/posts\/11776"}],"collection":[{"href":"https:\/\/pasaenmendoza.com\/index.php?rest_route=\/wp\/v2\/posts"}],"about":[{"href":"https:\/\/pasaenmendoza.com\/index.php?rest_route=\/wp\/v2\/types\/post"}],"author":[{"embeddable":true,"href":"https:\/\/pasaenmendoza.com\/index.php?rest_route=\/wp\/v2\/users\/2"}],"replies":[{"embeddable":true,"href":"https:\/\/pasaenmendoza.com\/index.php?rest_route=%2Fwp%2Fv2%2Fcomments&post=11776"}],"version-history":[{"count":1,"href":"https:\/\/pasaenmendoza.com\/index.php?rest_route=\/wp\/v2\/posts\/11776\/revisions"}],"predecessor-version":[{"id":11778,"href":"https:\/\/pasaenmendoza.com\/index.php?rest_route=\/wp\/v2\/posts\/11776\/revisions\/11778"}],"wp:featuredmedia":[{"embeddable":true,"href":"https:\/\/pasaenmendoza.com\/index.php?rest_route=\/wp\/v2\/media\/11777"}],"wp:attachment":[{"href":"https:\/\/pasaenmendoza.com\/index.php?rest_route=%2Fwp%2Fv2%2Fmedia&parent=11776"}],"wp:term":[{"taxonomy":"category","embeddable":true,"href":"https:\/\/pasaenmendoza.com\/index.php?rest_route=%2Fwp%2Fv2%2Fcategories&post=11776"},{"taxonomy":"post_tag","embeddable":true,"href":"https:\/\/pasaenmendoza.com\/index.php?rest_route=%2Fwp%2Fv2%2Ftags&post=11776"}],"curies":[{"name":"wp","href":"https:\/\/api.w.org\/{rel}","templated":true}]}}