{"id":11801,"date":"2025-02-26T20:01:32","date_gmt":"2025-02-26T19:01:32","guid":{"rendered":"https:\/\/pasaenmendoza.com\/?p=11801"},"modified":"2025-02-26T20:01:33","modified_gmt":"2025-02-26T19:01:33","slug":"alfredo-cornejo-destaco-el-plan-de-obras-para-ampliar-40-las-operaciones-en-el-aeropuerto","status":"publish","type":"post","link":"https:\/\/pasaenmendoza.com\/?p=11801","title":{"rendered":"Alfredo Cornejo destac\u00f3 el plan de obras para ampliar 40% las operaciones en el Aeropuerto"},"content":{"rendered":"\n<p>El gobernador\u00a0<strong>Alfredo Cornejo<\/strong>\u00a0se reuni\u00f3 este martes con representantes de<strong>\u00a0Aeropuertos Argentina<\/strong>\u00a0para conocer el detalle de las obras previstas durante el 2025 para la aeroestaci\u00f3n mendocina Francisco Gabrielli, en Las Heras, que\u00a0ampliar\u00e1n 40% las operaciones que all\u00ed se realizan.<\/p>\n\n\n\n<p>Cornejo fue acompa\u00f1ado por la titular del Emetur,&nbsp;<strong>Gabriela Testa&nbsp;<\/strong>y el intendente de Las Heras,<strong>&nbsp;Francisco Lo Presti,&nbsp;<\/strong>a un encuentro que tuvo lugar en las oficinas del organismo que regentea los aeropuertos de todo el pa\u00eds.<\/p>\n\n\n\n<p>Para mejorar, modernizar y sumar actividades en el aeropuerto de El Plumerillo la inversi\u00f3n ser\u00e1 de\u00a0<strong>10 millones de d\u00f3lares,\u00a0<\/strong>que forman parte de los desembolsos que se har\u00e1n en estaciones a\u00e9reas de todo el pa\u00eds, incluso en San Rafael.<\/p>\n\n\n\n<h2 class=\"wp-block-heading\">El Aeropuerto de Mendoza ampliar\u00e1 sus operaciones<\/h2>\n\n\n\n<p>Tras el encuentro en El Plumerillo el gobernador&nbsp;<strong>Cornejo&nbsp;<\/strong>cont\u00f3 que &#8220;el aeropuerto de Mendoza sigue creciendo para acompa\u00f1ar el aumento de vuelos y pasajeros. Con una inversi\u00f3n de 10 millones de d\u00f3lares de Aeropuertos Argentina, el proyecto de refuncionalizaci\u00f3n permitir\u00e1 ampliar la operaci\u00f3n en un 40%&#8221;.<\/p>\n\n\n\n<p>Detall\u00f3 el mandatario que &#8220;las obras incluyen la expansi\u00f3n de las salas de embarque de cabotaje e internacional, una nueva sala VIP y un nuevo n\u00facleo sanitario, entre otras mejoras&#8221;.<\/p>\n\n\n\n<p><strong>Una infraestructura moderna y eficiente es clave para seguir posicionando a Mendoza como un destino estrat\u00e9gico<\/strong><\/p>\n\n\n\n<h2 class=\"wp-block-heading\">El anhelo de Alfredo Cornejo de que el Metrotranv\u00eda llegue al Aeropuerto<\/h2>\n\n\n\n<p>Ya el a\u00f1o pasado\u00a0<strong>Alfredo Cornejo\u00a0<\/strong>se refiri\u00f3 en numerosas ocasiones a la necesidadad de refuncionalizar el Aeropuerto y mejorar las conectividades y accesos. Y, relacionado con eso, expres\u00f3 su convicci\u00f3n de que antes de que termine su segundo mandato, en 2027,\u00a0el Metrotranv\u00eda llegar\u00e1 a la aeroestaci\u00f3n ubicada en las Heras.<\/p>\n\n\n\n<p>&#8220;Estamos peleando con proyecto ejecutivo para ampliar el aeropuerto de Mendoza en el a\u00f1o que viene y tener muchos m\u00e1s vuelos internacionales&#8221;, dijo el gobernador en el<strong>\u00a0Foro de Valos<\/strong>\u00a0ante cientos de empresarios locales, nacionales y extranjeros.<\/p>\n\n\n\n<p>El CEO de<strong>&nbsp;Aeropuertos Argentina<\/strong>, Daniel Ketchibachian dijo d\u00edas atr\u00e1s que &#8220;un total de<strong>&nbsp;500 millones de d\u00f3lares<\/strong>&nbsp;va a ser invertido en los pr\u00f3ximos cuatro a\u00f1os en los 35 aeropuertos que administra la concesionaria Aeropuertos Argentina. Se trata de una inversi\u00f3n conjunta entre la concesionaria y el Estado, con fondos que son recaudados a partir de las tasas aeroportuarias&#8221;.<\/p>\n\n\n\n<p><strong>Aeropuertos Argentina<\/strong>\u00a0tiene a su cargo la operaci\u00f3n de casi todos los aeropuertos del pa\u00eds habilitados para recibir aviones de gran porte.<\/p>\n\n\n\n<p><strong>Fuente: www.diariouno.com.ar<\/strong><\/p>\n\n\n\n<p><a rel=\"noreferrer noopener\" href=\"https:\/\/www.facebook.com\/dialog\/feed?app_id=161316767303985&amp;link=https%3A%2F%2Fwww.diariouno.com.ar%2Fpolitica%2Falfredo-cornejo-destaco-el-plan-obras-ampliar-40-las-operaciones-el-aeropuerto-n1406947&amp;name=Alfredo+Cornejo+destac%C3%B3+el+plan+de+obras+para+ampliar+40%25+las+operaciones+en+el+Aeropuerto&amp;caption=Alfredo+Cornejo&amp;description=El+gobernador+Alfredo+Cornejo+fue+informado+sobre+la+inversi%C3%B3n+de+U%24S10+millones+para+mejorar+las+operaciones+en+el+Aeropuerto+de+Mendoza&amp;redirect_uri=https%3A%2F%2Fwww.diariouno.com.ar%2Fpolitica%2Falfredo-cornejo-destaco-el-plan-obras-ampliar-40-las-operaciones-el-aeropuerto-n1406947\" target=\"_blank\"><\/a><\/p>\n\n\n\n<p><a rel=\"noreferrer noopener\" href=\"https:\/\/twitter.com\/intent\/tweet?url=https%3A%2F%2Fwww.diariouno.com.ar%2Fc1406947&amp;related=diariouno&amp;text=Alfredo+Cornejo+destac%C3%B3+el+plan+de+obras+para+ampliar+40%25+las+operaciones+en+el+Aeropuerto&amp;via=diariouno\" target=\"_blank\"><\/a><\/p>\n\n\n\n<p><a href=\"mailto:?body=https%3A%2F%2Fwww.diariouno.com.ar%2Fpolitica%2Falfredo-cornejo-destaco-el-plan-obras-ampliar-40-las-operaciones-el-aeropuerto-n1406947&amp;subject=%E2%80%9CAlfredo%20Cornejo%20destac%C3%B3%20el%20plan%20de%20obras%20para%20ampliar%2040%25%20las%20operaciones%20en%20el%20Aeropuerto%E2%80%9D\"><\/a><\/p>\n","protected":false},"excerpt":{"rendered":"<p>El gobernador\u00a0Alfredo Cornejo\u00a0se reuni\u00f3 este martes con representantes de\u00a0Aeropuertos Argentina\u00a0para conocer el detalle de las obras previstas durante el 2025 para la aeroestaci\u00f3n mendocina Francisco Gabrielli, en Las Heras, que\u00a0ampliar\u00e1n 40% las operaciones que all\u00ed se realizan. Cornejo fue acompa\u00f1ado por la titular del Emetur,&nbsp;Gabriela Testa&nbsp;y el intendente de Las Heras,&nbsp;Francisco Lo Presti,&nbsp;a un encuentro [&hellip;]<\/p>\n","protected":false},"author":2,"featured_media":11802,"comment_status":"open","ping_status":"open","sticky":false,"template":"","format":"standard","meta":[],"categories":[47],"tags":[],"_links":{"self":[{"href":"https:\/\/pasaenmendoza.com\/index.php?rest_route=\/wp\/v2\/posts\/11801"}],"collection":[{"href":"https:\/\/pasaenmendoza.com\/index.php?rest_route=\/wp\/v2\/posts"}],"about":[{"href":"https:\/\/pasaenmendoza.com\/index.php?rest_route=\/wp\/v2\/types\/post"}],"author":[{"embeddable":true,"href":"https:\/\/pasaenmendoza.com\/index.php?rest_route=\/wp\/v2\/users\/2"}],"replies":[{"embeddable":true,"href":"https:\/\/pasaenmendoza.com\/index.php?rest_route=%2Fwp%2Fv2%2Fcomments&post=11801"}],"version-history":[{"count":1,"href":"https:\/\/pasaenmendoza.com\/index.php?rest_route=\/wp\/v2\/posts\/11801\/revisions"}],"predecessor-version":[{"id":11803,"href":"https:\/\/pasaenmendoza.com\/index.php?rest_route=\/wp\/v2\/posts\/11801\/revisions\/11803"}],"wp:featuredmedia":[{"embeddable":true,"href":"https:\/\/pasaenmendoza.com\/index.php?rest_route=\/wp\/v2\/media\/11802"}],"wp:attachment":[{"href":"https:\/\/pasaenmendoza.com\/index.php?rest_route=%2Fwp%2Fv2%2Fmedia&parent=11801"}],"wp:term":[{"taxonomy":"category","embeddable":true,"href":"https:\/\/pasaenmendoza.com\/index.php?rest_route=%2Fwp%2Fv2%2Fcategories&post=11801"},{"taxonomy":"post_tag","embeddable":true,"href":"https:\/\/pasaenmendoza.com\/index.php?rest_route=%2Fwp%2Fv2%2Ftags&post=11801"}],"curies":[{"name":"wp","href":"https:\/\/api.w.org\/{rel}","templated":true}]}}