{"id":1181,"date":"2023-09-04T15:57:57","date_gmt":"2023-09-04T13:57:57","guid":{"rendered":"https:\/\/pasaenmendoza.com\/?p=1181"},"modified":"2023-09-04T15:57:57","modified_gmt":"2023-09-04T13:57:57","slug":"segun-consultoras-la-inflacion-de-agosto-rondara-el-11","status":"publish","type":"post","link":"https:\/\/pasaenmendoza.com\/?p=1181","title":{"rendered":"Seg\u00fan consultoras, la inflaci\u00f3n de agosto rondar\u00e1 el 11%"},"content":{"rendered":"\n<p>La&nbsp;<strong>inflaci\u00f3n&nbsp;<\/strong>de agosto dio un gran salto producto de la&nbsp;<strong>devaluaci\u00f3n&nbsp;<\/strong>y el salto en&nbsp;<strong>d\u00f3lar blue&nbsp;<\/strong>y se espera que se ubique alrededor del 11%,&nbsp;<mark>convirti\u00e9ndose en la mayor variaci\u00f3n de precios de los \u00faltimos 30 a\u00f1os.<\/mark><\/p>\n\n\n\n<p>Si bien en el Ministerio de Econom\u00eda mantienen el optimismo y estiman que el \u00cdndice de Precios al Consumidor (IPC) de agosto se mantenga en una cifra,\u00a0<strong>en torno al 9%<\/strong>, esa proyecci\u00f3n est\u00e1 lejos de la que manejan los analistas privados.<\/p>\n\n\n\n<p>De acuerdo al IPC que mide la Fundaci\u00f3n Libertad y Progreso, la inflaci\u00f3n de agosto fue del 10,7% mensual. \u201c<em>Este resultado marca la suba mensual m\u00e1s alta desde marzo de 1991, incluso superando el registro de abril del a\u00f1o 2002, en medio de la salida de la Convertibilidad. Por su parte, la variaci\u00f3n interanual ascendi\u00f3 a 120,8%. Hay que ir hasta septiembre de 1991 para encontrar un registro de esa magnitud<\/em>\u201d, explicaron.<\/p>\n\n\n\n<p>Dentro de este estudio,\u00a0<mark>el mayor impacto en el IPC fue generado en el rubro alimentos y bebidas, el cual subi\u00f3 un 9,9% y explica m\u00e1s de 2% del \u00edndice total.<\/mark>\u00a0A pesar de esto, hubo seis rubros que habr\u00edan aumentado m\u00e1s de dos d\u00edgitos, entre ellos Medicina con el 16% y vivienda con el 14,5%.<\/p>\n\n\n\n<p>Por su parte, el relevamiento de C&amp;T registr\u00f3 una inflaci\u00f3n de 11%. \u201c<em>As\u00ed, la variaci\u00f3n mensual super\u00f3 el pico previo de 10,4% en abril de 2002, inmediatamente luego de la salida de la Convertibilidad, e igual\u00f3 la de marzo de 1991, el mes previo al arranque de dicho programa<\/em>\u201c. Seg\u00fan la consultora, esto ocurre a pesar de que \u201c<em>agosto es un mes favorable desde el punto de vista estacional, ya que la inflaci\u00f3n suele moderarse luego del pico que tiene en julio por el turismo<\/em>\u201d.<\/p>\n\n\n\n<p><em>\u201cEl precio de los alimentos vol\u00f3 en la segunda semana desde las PASO, tras la devaluaci\u00f3n y la corrida de los d\u00f3lares paralelos. Aunque se renov\u00f3 el acuerdo de Precios Justos por un per\u00edodo de 90 con subas del 5% mensual, el nuevo ritmo que adquiri\u00f3 la inflaci\u00f3n plantea dudas sobre la posibilidad de que tenga alg\u00fan impacto sobre los precios\u201d<\/em>, plantea la consultora EcoGo, que pronostica una IPC del 11,6%.<\/p>\n\n\n\n<p>Finalmente, Ecolatina coloc\u00f3 al IPC de agosto en torno al 11,2%, y destac\u00f3 el impacto que tendr\u00e1 el incremento en la carne en la cifra final, aportando \u201centre 3% y 4%\u201d.<\/p>\n\n\n\n<p>El Indec dar\u00e1 a conocer la inflaci\u00f3n de agosto el pr\u00f3ximo 13 de septiembre. En los primeros siete meses del a\u00f1o los precios se incrementaron en un 60% y se espera que esta cifra se ubique por encima del 120% para este a\u00f1o.<\/p>\n\n\n\n<p><strong>Fuente: www.elsol.com.ar<\/strong><\/p>\n","protected":false},"excerpt":{"rendered":"<p>La&nbsp;inflaci\u00f3n&nbsp;de agosto dio un gran salto producto de la&nbsp;devaluaci\u00f3n&nbsp;y el salto en&nbsp;d\u00f3lar blue&nbsp;y se espera que se ubique alrededor del 11%,&nbsp;convirti\u00e9ndose en la mayor variaci\u00f3n de precios de los \u00faltimos 30 a\u00f1os. Si bien en el Ministerio de Econom\u00eda mantienen el optimismo y estiman que el \u00cdndice de Precios al Consumidor (IPC) de agosto se [&hellip;]<\/p>\n","protected":false},"author":2,"featured_media":1182,"comment_status":"open","ping_status":"open","sticky":false,"template":"","format":"standard","meta":[],"categories":[49],"tags":[],"_links":{"self":[{"href":"https:\/\/pasaenmendoza.com\/index.php?rest_route=\/wp\/v2\/posts\/1181"}],"collection":[{"href":"https:\/\/pasaenmendoza.com\/index.php?rest_route=\/wp\/v2\/posts"}],"about":[{"href":"https:\/\/pasaenmendoza.com\/index.php?rest_route=\/wp\/v2\/types\/post"}],"author":[{"embeddable":true,"href":"https:\/\/pasaenmendoza.com\/index.php?rest_route=\/wp\/v2\/users\/2"}],"replies":[{"embeddable":true,"href":"https:\/\/pasaenmendoza.com\/index.php?rest_route=%2Fwp%2Fv2%2Fcomments&post=1181"}],"version-history":[{"count":2,"href":"https:\/\/pasaenmendoza.com\/index.php?rest_route=\/wp\/v2\/posts\/1181\/revisions"}],"predecessor-version":[{"id":1186,"href":"https:\/\/pasaenmendoza.com\/index.php?rest_route=\/wp\/v2\/posts\/1181\/revisions\/1186"}],"wp:featuredmedia":[{"embeddable":true,"href":"https:\/\/pasaenmendoza.com\/index.php?rest_route=\/wp\/v2\/media\/1182"}],"wp:attachment":[{"href":"https:\/\/pasaenmendoza.com\/index.php?rest_route=%2Fwp%2Fv2%2Fmedia&parent=1181"}],"wp:term":[{"taxonomy":"category","embeddable":true,"href":"https:\/\/pasaenmendoza.com\/index.php?rest_route=%2Fwp%2Fv2%2Fcategories&post=1181"},{"taxonomy":"post_tag","embeddable":true,"href":"https:\/\/pasaenmendoza.com\/index.php?rest_route=%2Fwp%2Fv2%2Ftags&post=1181"}],"curies":[{"name":"wp","href":"https:\/\/api.w.org\/{rel}","templated":true}]}}