{"id":11810,"date":"2025-02-27T21:59:32","date_gmt":"2025-02-27T20:59:32","guid":{"rendered":"https:\/\/pasaenmendoza.com\/?p=11810"},"modified":"2025-02-27T21:59:32","modified_gmt":"2025-02-27T20:59:32","slug":"el-gobierno-adelanto-el-horario-de-la-bendicion-de-los-frutos-por-la-cadena-nacional-de-milei","status":"publish","type":"post","link":"https:\/\/pasaenmendoza.com\/?p=11810","title":{"rendered":"El Gobierno adelant\u00f3 el horario de la Bendici\u00f3n de los Frutos por la cadena nacional de Milei"},"content":{"rendered":"\n<p>El gobierno provincial adelant\u00f3 el horario de la tradicional\u00a0<strong>Bendici\u00f3n de los\u00a0Frutos<\/strong>, que se celebrar\u00e1 este s\u00e1bado 1 de marzo, para que no se superponga con la\u00a0<strong>cadena nacional<\/strong>\u00a0que brindar\u00e1 el presidente<strong>\u00a0Javier Milei<\/strong>\u00a0en la Apertura de Sesiones Ordinarias en el Congreso.<\/p>\n\n\n\n<p>El evento que abrir\u00e1 el calendario de la\u00a0<strong>Fiesta Nacional de la Vendimia<\/strong>\u00a0pas\u00f3 de las 21 a las 20, seg\u00fan confirmaron desde la Subsecretar\u00eda de Cultura.<\/p>\n\n\n\n<p>Ya el viaje del gobernador\u00a0<strong>Alfredo Cornejo\u00a0<\/strong>a Canad\u00e1, para la participaci\u00f3n de Mendoza en la feria PDAC, la m\u00e1s importante de la industria minera, hab\u00eda obligado a modificar el calendario pasando la\u00a0<strong>Bendici\u00f3n de los Frutos<\/strong>\u00a0del domingo al s\u00e1bado.<\/p>\n\n\n\n<p>La celebraci\u00f3n, que ser\u00e1 breve y consistir\u00e1 en el tradicional golpe de rejas que realiza el mandatario provincial para dar por iniciada la&nbsp;<strong>cosecha<\/strong>, se realizar\u00e1 en el Parque San Vicente de Godoy Cruz.<\/p>\n\n\n\n<h2 class=\"wp-block-heading\"><strong>Cadena nacional de Javier Milei<\/strong><\/h2>\n\n\n\n<p>El presidente&nbsp;<strong>Javier Milei<\/strong>&nbsp;brindar\u00e1 un discurso por cadena nacional el pr\u00f3ximo 1 de marzo a las 20:45, en el marco de la Apertura de las Sesiones Ordinarias del Congreso. La transmisi\u00f3n, que se extender\u00e1 hasta las 23:00, ser\u00e1 obligatoria para todos los servicios de comunicaci\u00f3n audiovisual y se\u00f1ales period\u00edsticas del pa\u00eds, seg\u00fan lo establece la Ley N\u00b0 26.522.<\/p>\n\n\n\n<p>Hay expectativa por los anuncios del Presidente tras el esc\u00e1ndalo de la difusi\u00f3n de una criptomoneda, que gener\u00f3 p\u00e9rdidas millonarias a inversores.<\/p>\n\n\n\n<p><strong>Fuente: www.diariouno.com.ar<\/strong><\/p>\n","protected":false},"excerpt":{"rendered":"<p>El gobierno provincial adelant\u00f3 el horario de la tradicional\u00a0Bendici\u00f3n de los\u00a0Frutos, que se celebrar\u00e1 este s\u00e1bado 1 de marzo, para que no se superponga con la\u00a0cadena nacional\u00a0que brindar\u00e1 el presidente\u00a0Javier Milei\u00a0en la Apertura de Sesiones Ordinarias en el Congreso. El evento que abrir\u00e1 el calendario de la\u00a0Fiesta Nacional de la Vendimia\u00a0pas\u00f3 de las 21 a [&hellip;]<\/p>\n","protected":false},"author":2,"featured_media":11811,"comment_status":"open","ping_status":"open","sticky":false,"template":"","format":"standard","meta":[],"categories":[74],"tags":[],"_links":{"self":[{"href":"https:\/\/pasaenmendoza.com\/index.php?rest_route=\/wp\/v2\/posts\/11810"}],"collection":[{"href":"https:\/\/pasaenmendoza.com\/index.php?rest_route=\/wp\/v2\/posts"}],"about":[{"href":"https:\/\/pasaenmendoza.com\/index.php?rest_route=\/wp\/v2\/types\/post"}],"author":[{"embeddable":true,"href":"https:\/\/pasaenmendoza.com\/index.php?rest_route=\/wp\/v2\/users\/2"}],"replies":[{"embeddable":true,"href":"https:\/\/pasaenmendoza.com\/index.php?rest_route=%2Fwp%2Fv2%2Fcomments&post=11810"}],"version-history":[{"count":1,"href":"https:\/\/pasaenmendoza.com\/index.php?rest_route=\/wp\/v2\/posts\/11810\/revisions"}],"predecessor-version":[{"id":11812,"href":"https:\/\/pasaenmendoza.com\/index.php?rest_route=\/wp\/v2\/posts\/11810\/revisions\/11812"}],"wp:featuredmedia":[{"embeddable":true,"href":"https:\/\/pasaenmendoza.com\/index.php?rest_route=\/wp\/v2\/media\/11811"}],"wp:attachment":[{"href":"https:\/\/pasaenmendoza.com\/index.php?rest_route=%2Fwp%2Fv2%2Fmedia&parent=11810"}],"wp:term":[{"taxonomy":"category","embeddable":true,"href":"https:\/\/pasaenmendoza.com\/index.php?rest_route=%2Fwp%2Fv2%2Fcategories&post=11810"},{"taxonomy":"post_tag","embeddable":true,"href":"https:\/\/pasaenmendoza.com\/index.php?rest_route=%2Fwp%2Fv2%2Ftags&post=11810"}],"curies":[{"name":"wp","href":"https:\/\/api.w.org\/{rel}","templated":true}]}}