{"id":11816,"date":"2025-02-27T22:19:58","date_gmt":"2025-02-27T21:19:58","guid":{"rendered":"https:\/\/pasaenmendoza.com\/?p=11816"},"modified":"2025-02-27T22:19:59","modified_gmt":"2025-02-27T21:19:59","slug":"genneia-inauguro-su-primer-parque-solar-en-mendoza-y-anuncio-la-construccion-de-uno-mas-grande","status":"publish","type":"post","link":"https:\/\/pasaenmendoza.com\/?p=11816","title":{"rendered":"Genneia inaugur\u00f3 su primer parque solar en Mendoza y anunci\u00f3 la construcci\u00f3n de uno m\u00e1s grande"},"content":{"rendered":"\n<p>Genneia inaugur\u00f3 este jueves su\u00a0primer\u00a0<strong>parque solar<\/strong>\u00a0en Mendoza\u00a0y anunci\u00f3 la construcci\u00f3n de uno nuevo, en San Rafael. El acto cont\u00f3 con la presencia del gobernador Alfredo Cornejo.<\/p>\n\n\n\n<p>Del evento tambi\u00e9n participaron Jorge Brito, C\u00e9sar Rossi y Bernardo Andrews, por\u00a0<strong>Genneia<\/strong>; la vicegobernadora de Mendoza, Hebe Casado; la ministra de Energ\u00eda y Ambiente, Jimena Latorre; los intendentes peronistas de\u00a0<strong>Malarg\u00fce<\/strong>\u00a0y<strong>\u00a0San Rafael<\/strong>, Celso Jaque y Omar F\u00e9lix, respectivamente; y Daniel Nofal, accionista de El Azufre.<\/p>\n\n\n\n<p>Estos\u00a0<strong>parques solares<\/strong>\u00a0en el Sur de Mendoza se suman al que actualmente est\u00e1 en construcci\u00f3n en Luj\u00e1n de Cuyo. En total, la inversi\u00f3n que proyecta la compa\u00f1\u00eda para el 2026 es de 400 millones de d\u00f3lares.<\/p>\n\n\n\n<h2 class=\"wp-block-heading\">Parques solares en Mendoza<\/h2>\n\n\n\n<p>El&nbsp;<strong>Parque Solar Malarg\u00fce I<\/strong>, inaugurado este jueves en el Sur de Mendoza, cuenta 90 MW de capacidad instalada.<\/p>\n\n\n\n<p>La empresa inform\u00f3 que abarca 312 hect\u00e1reas, incorpora m\u00e1s de 160.000&nbsp;<strong>paneles solares<\/strong>&nbsp;bifaciales de \u00faltima tecnolog\u00eda, capaces de captar energ\u00eda tanto de la radiaci\u00f3n directa como la reflejada en el suelo, optimizando as\u00ed su eficiencia hasta en un 10% adicional.<\/p>\n\n\n\n<p>Adem\u00e1s, dijeron desde&nbsp;<strong>Genneia<\/strong>, sus m\u00f3dulos est\u00e1n montados sobre seguidores solares, que ajustan su posici\u00f3n seg\u00fan el recorrido del sol para maximizar la producci\u00f3n energ\u00e9tica.<\/p>\n\n\n\n<p>La inversi\u00f3n para la construcci\u00f3n de este&nbsp;<strong>parque solar<\/strong>&nbsp;en Malarg\u00fce fue de m\u00e1s de 90 millones de d\u00f3lares. Durante esta etapa se generaron hasta 280 empleos indirectos.<\/p>\n\n\n\n<p>El gobernador Cornejo manifest\u00f3 durante el acto que &#8220;este\u00a0<strong>parque solar<\/strong>\u00a0refleja el potencial de Mendoza para convertirse en un polo estrat\u00e9gico de\u00a0<strong>energ\u00edas renovables<\/strong>\u00a0en Argentina\u201d.<\/p>\n\n\n\n<p>La inversi\u00f3n de&nbsp;<strong>Genneia<\/strong>, dijo, \u201ces un claro ejemplo de c\u00f3mo el sector privado y el Estado pueden trabajar juntos para impulsar el futuro de la provincia&#8221;.<\/p>\n\n\n\n<h2 class=\"wp-block-heading\">Nuevo parque solar en Mendoza<\/h2>\n\n\n\n<p>Durante la inauguraci\u00f3n,&nbsp;<strong>Genneia<\/strong>&nbsp;anunci\u00f3 el desarrollo de un nuevo parque solar en San Rafael, con una capacidad de 150 MW y una inversi\u00f3n de 150 millones de d\u00f3lares.<\/p>\n\n\n\n<p>Este proyecto se sumar\u00e1 al&nbsp;<strong>Parque Solar<\/strong>&nbsp;Anchoris (180 MW), actualmente en construcci\u00f3n en Luj\u00e1n de Cuyo.<\/p>\n\n\n\n<p>Con estas iniciativas,&nbsp;<strong>Genneia<\/strong>&nbsp;proyecta alcanzar una inversi\u00f3n total de 400 millones de d\u00f3lares en Mendoza para 2026.<\/p>\n\n\n\n<h2 class=\"wp-block-heading\">La inversi\u00f3n de Genneia en energ\u00edas renovables<\/h2>\n\n\n\n<p>Jorge Brito, accionista de Genneia, expres\u00f3 que, para 2026, la empresa proyecta superar los \u201c1.400 millones de d\u00f3lares en capacidad instalada&nbsp;<strong>renovable<\/strong>, con 8 parques e\u00f3licos y 6 solares en operaci\u00f3n en 5 provincias&#8221;.<\/p>\n\n\n\n<p>En el objetivo de una transici\u00f3n energ\u00e9tica, &#8220;la miner\u00eda ser\u00e1 uno de nuestros principales clientes, y en ese camino acompa\u00f1amos a Mendoza, otras provincias y a la Argentina&#8221;, dijo el empresario durante la inauguraci\u00f3n del\u00a0<strong>parque solar<\/strong>\u00a0en Malarg\u00fce.<\/p>\n\n\n\n<p><strong>Fuente: www.diariouno.com.ar<\/strong><\/p>\n","protected":false},"excerpt":{"rendered":"<p>Genneia inaugur\u00f3 este jueves su\u00a0primer\u00a0parque solar\u00a0en Mendoza\u00a0y anunci\u00f3 la construcci\u00f3n de uno nuevo, en San Rafael. El acto cont\u00f3 con la presencia del gobernador Alfredo Cornejo. Del evento tambi\u00e9n participaron Jorge Brito, C\u00e9sar Rossi y Bernardo Andrews, por\u00a0Genneia; la vicegobernadora de Mendoza, Hebe Casado; la ministra de Energ\u00eda y Ambiente, Jimena Latorre; los intendentes peronistas [&hellip;]<\/p>\n","protected":false},"author":2,"featured_media":11818,"comment_status":"open","ping_status":"open","sticky":false,"template":"","format":"standard","meta":[],"categories":[47],"tags":[],"_links":{"self":[{"href":"https:\/\/pasaenmendoza.com\/index.php?rest_route=\/wp\/v2\/posts\/11816"}],"collection":[{"href":"https:\/\/pasaenmendoza.com\/index.php?rest_route=\/wp\/v2\/posts"}],"about":[{"href":"https:\/\/pasaenmendoza.com\/index.php?rest_route=\/wp\/v2\/types\/post"}],"author":[{"embeddable":true,"href":"https:\/\/pasaenmendoza.com\/index.php?rest_route=\/wp\/v2\/users\/2"}],"replies":[{"embeddable":true,"href":"https:\/\/pasaenmendoza.com\/index.php?rest_route=%2Fwp%2Fv2%2Fcomments&post=11816"}],"version-history":[{"count":1,"href":"https:\/\/pasaenmendoza.com\/index.php?rest_route=\/wp\/v2\/posts\/11816\/revisions"}],"predecessor-version":[{"id":11819,"href":"https:\/\/pasaenmendoza.com\/index.php?rest_route=\/wp\/v2\/posts\/11816\/revisions\/11819"}],"wp:featuredmedia":[{"embeddable":true,"href":"https:\/\/pasaenmendoza.com\/index.php?rest_route=\/wp\/v2\/media\/11818"}],"wp:attachment":[{"href":"https:\/\/pasaenmendoza.com\/index.php?rest_route=%2Fwp%2Fv2%2Fmedia&parent=11816"}],"wp:term":[{"taxonomy":"category","embeddable":true,"href":"https:\/\/pasaenmendoza.com\/index.php?rest_route=%2Fwp%2Fv2%2Fcategories&post=11816"},{"taxonomy":"post_tag","embeddable":true,"href":"https:\/\/pasaenmendoza.com\/index.php?rest_route=%2Fwp%2Fv2%2Ftags&post=11816"}],"curies":[{"name":"wp","href":"https:\/\/api.w.org\/{rel}","templated":true}]}}