{"id":11826,"date":"2025-02-27T22:38:35","date_gmt":"2025-02-27T21:38:35","guid":{"rendered":"https:\/\/pasaenmendoza.com\/?p=11826"},"modified":"2025-02-27T22:38:36","modified_gmt":"2025-02-27T21:38:36","slug":"le-robaron-la-moto-a-un-chico-de-18-anos-en-guaymallen","status":"publish","type":"post","link":"https:\/\/pasaenmendoza.com\/?p=11826","title":{"rendered":"Le robaron la moto a un chico de 18 a\u00f1os en Guaymall\u00e9n"},"content":{"rendered":"\n<p>Un joven de&nbsp;<strong>18 a\u00f1os fue v\u00edctima de un asalto a mano armada<\/strong>&nbsp;en la madrugada de este martes en&nbsp;<strong>Guaymall\u00e9n<\/strong>. El hecho ocurri\u00f3 alrededor de las 3.40 en la intersecci\u00f3n de la avenida Pedro Molina y Servet, cuando la v\u00edctima circulaba por la v\u00eda p\u00fablica en su&nbsp;<strong>motocicleta Honda Wave 110cc<\/strong>.<\/p>\n\n\n\n<p>Seg\u00fan el parte policial,\u00a0<strong>el joven fue sorprendido por dos delincuentes<\/strong>\u00a0que, bajo\u00a0<strong>amenazas con un arma de fuego<\/strong>, lo obligaron a entregar el rodado.\u00a0<\/p>\n\n\n\n<p>Tras concretar el robo, los asaltantes escaparon del lugar, dej\u00e1ndolo a pie y sin posibilidad de reacci\u00f3n. La denuncia fue radicada en la Subcomisar\u00eda Campos, mientras que la Oficina Fiscal N\u00b0 2 de Guaymall\u00e9n qued\u00f3 a cargo de la investigaci\u00f3n.&nbsp;<\/p>\n\n\n\n<p>Hasta el momento, no hay informaci\u00f3n sobre los sospechosos ni el paradero de la moto sustra\u00edda. Las autoridades trabajan en la b\u00fasqueda de los delincuentes y analizan c\u00e1maras de seguridad de la zona para intentar dar con su paradero.<\/p>\n\n\n\n<p><strong>Fuente: www.mendozapost.com<\/strong><\/p>\n","protected":false},"excerpt":{"rendered":"<p>Un joven de&nbsp;18 a\u00f1os fue v\u00edctima de un asalto a mano armada&nbsp;en la madrugada de este martes en&nbsp;Guaymall\u00e9n. El hecho ocurri\u00f3 alrededor de las 3.40 en la intersecci\u00f3n de la avenida Pedro Molina y Servet, cuando la v\u00edctima circulaba por la v\u00eda p\u00fablica en su&nbsp;motocicleta Honda Wave 110cc. Seg\u00fan el parte policial,\u00a0el joven fue sorprendido [&hellip;]<\/p>\n","protected":false},"author":2,"featured_media":11827,"comment_status":"open","ping_status":"open","sticky":false,"template":"","format":"standard","meta":[],"categories":[48],"tags":[],"_links":{"self":[{"href":"https:\/\/pasaenmendoza.com\/index.php?rest_route=\/wp\/v2\/posts\/11826"}],"collection":[{"href":"https:\/\/pasaenmendoza.com\/index.php?rest_route=\/wp\/v2\/posts"}],"about":[{"href":"https:\/\/pasaenmendoza.com\/index.php?rest_route=\/wp\/v2\/types\/post"}],"author":[{"embeddable":true,"href":"https:\/\/pasaenmendoza.com\/index.php?rest_route=\/wp\/v2\/users\/2"}],"replies":[{"embeddable":true,"href":"https:\/\/pasaenmendoza.com\/index.php?rest_route=%2Fwp%2Fv2%2Fcomments&post=11826"}],"version-history":[{"count":1,"href":"https:\/\/pasaenmendoza.com\/index.php?rest_route=\/wp\/v2\/posts\/11826\/revisions"}],"predecessor-version":[{"id":11828,"href":"https:\/\/pasaenmendoza.com\/index.php?rest_route=\/wp\/v2\/posts\/11826\/revisions\/11828"}],"wp:featuredmedia":[{"embeddable":true,"href":"https:\/\/pasaenmendoza.com\/index.php?rest_route=\/wp\/v2\/media\/11827"}],"wp:attachment":[{"href":"https:\/\/pasaenmendoza.com\/index.php?rest_route=%2Fwp%2Fv2%2Fmedia&parent=11826"}],"wp:term":[{"taxonomy":"category","embeddable":true,"href":"https:\/\/pasaenmendoza.com\/index.php?rest_route=%2Fwp%2Fv2%2Fcategories&post=11826"},{"taxonomy":"post_tag","embeddable":true,"href":"https:\/\/pasaenmendoza.com\/index.php?rest_route=%2Fwp%2Fv2%2Ftags&post=11826"}],"curies":[{"name":"wp","href":"https:\/\/api.w.org\/{rel}","templated":true}]}}