{"id":11829,"date":"2025-02-27T22:41:06","date_gmt":"2025-02-27T21:41:06","guid":{"rendered":"https:\/\/pasaenmendoza.com\/?p=11829"},"modified":"2025-02-27T22:41:07","modified_gmt":"2025-02-27T21:41:07","slug":"volco-un-camion-con-gaseosas-en-acceso-sur-y-rodriguez-pena","status":"publish","type":"post","link":"https:\/\/pasaenmendoza.com\/?p=11829","title":{"rendered":"Volc\u00f3 un cami\u00f3n con gaseosas en Acceso Sur y Rodr\u00edguez Pe\u00f1a"},"content":{"rendered":"\n<p>El incidente ocurri\u00f3 esta ma\u00f1ana en la intersecci\u00f3n de<strong>&nbsp;Acceso Sur y Rodr\u00edguez Pe\u00f1a<\/strong>, cuando un&nbsp;<strong>cami\u00f3n cargado con gaseosas&nbsp;<\/strong>perdi\u00f3 parte de su mercader\u00eda en una curva. El hecho caus\u00f3 un corte total en la arteria, generando importantes complicaciones en el tr\u00e1nsito.<\/p>\n\n\n\n<p>Seg\u00fan fuentes policiales, el hecho tuvo lugar alrededor de las 07:45 horas, cuando el conductor, habr\u00eda intentado ingresar al Acceso Sur. Al tomar la curva hacia el<strong>\u00a0costado este<\/strong>, parte de la carga, que consist\u00eda en\u00a0<strong>botellas pl\u00e1sticas de bebidas Coca-Cola y otras variedades<\/strong>, se volc\u00f3 sobre la v\u00eda.\u00a0<\/p>\n\n\n\n<p>Detalles del incidente&nbsp;&nbsp;<\/p>\n\n\n\n<p>Como resultado, se procedi\u00f3 al corte total de la arteria por parte de personal de Polic\u00eda Vial y la jurisdicci\u00f3n correspondiente, afectando significativamente el tr\u00e1fico en esa zona. El desv\u00edo se ha dispuesto hacia la mano al Este, lo que contin\u00faa generando demoras en la circulaci\u00f3n de veh\u00edculos.\u00a0\u00a0<\/p>\n\n\n\n<p>Afortunadamente, no se registraron v\u00edctimas graves y el conductor del cami\u00f3n Volkswagen no habr\u00eda sufrido ning\u00fan tipo de lesi\u00f3n al igual que los dem\u00e1s veh\u00edculos que circulaban por la zona.\u00a0 \u00a0 \u00a0<\/p>\n\n\n\n<p>Por el momento, se espera por mayores precisiones y que el tr\u00e1nsito vuelva a la normalidad en las pr\u00f3ximas horas, una vez que se retire la mercader\u00eda volcada y se restablezca la circulaci\u00f3n.<\/p>\n\n\n\n<p><strong>Fuente: www.mendozapost.com<\/strong><\/p>\n","protected":false},"excerpt":{"rendered":"<p>El incidente ocurri\u00f3 esta ma\u00f1ana en la intersecci\u00f3n de&nbsp;Acceso Sur y Rodr\u00edguez Pe\u00f1a, cuando un&nbsp;cami\u00f3n cargado con gaseosas&nbsp;perdi\u00f3 parte de su mercader\u00eda en una curva. El hecho caus\u00f3 un corte total en la arteria, generando importantes complicaciones en el tr\u00e1nsito. Seg\u00fan fuentes policiales, el hecho tuvo lugar alrededor de las 07:45 horas, cuando el conductor, [&hellip;]<\/p>\n","protected":false},"author":2,"featured_media":11830,"comment_status":"open","ping_status":"open","sticky":false,"template":"","format":"standard","meta":[],"categories":[48],"tags":[],"_links":{"self":[{"href":"https:\/\/pasaenmendoza.com\/index.php?rest_route=\/wp\/v2\/posts\/11829"}],"collection":[{"href":"https:\/\/pasaenmendoza.com\/index.php?rest_route=\/wp\/v2\/posts"}],"about":[{"href":"https:\/\/pasaenmendoza.com\/index.php?rest_route=\/wp\/v2\/types\/post"}],"author":[{"embeddable":true,"href":"https:\/\/pasaenmendoza.com\/index.php?rest_route=\/wp\/v2\/users\/2"}],"replies":[{"embeddable":true,"href":"https:\/\/pasaenmendoza.com\/index.php?rest_route=%2Fwp%2Fv2%2Fcomments&post=11829"}],"version-history":[{"count":1,"href":"https:\/\/pasaenmendoza.com\/index.php?rest_route=\/wp\/v2\/posts\/11829\/revisions"}],"predecessor-version":[{"id":11831,"href":"https:\/\/pasaenmendoza.com\/index.php?rest_route=\/wp\/v2\/posts\/11829\/revisions\/11831"}],"wp:featuredmedia":[{"embeddable":true,"href":"https:\/\/pasaenmendoza.com\/index.php?rest_route=\/wp\/v2\/media\/11830"}],"wp:attachment":[{"href":"https:\/\/pasaenmendoza.com\/index.php?rest_route=%2Fwp%2Fv2%2Fmedia&parent=11829"}],"wp:term":[{"taxonomy":"category","embeddable":true,"href":"https:\/\/pasaenmendoza.com\/index.php?rest_route=%2Fwp%2Fv2%2Fcategories&post=11829"},{"taxonomy":"post_tag","embeddable":true,"href":"https:\/\/pasaenmendoza.com\/index.php?rest_route=%2Fwp%2Fv2%2Ftags&post=11829"}],"curies":[{"name":"wp","href":"https:\/\/api.w.org\/{rel}","templated":true}]}}