{"id":11832,"date":"2025-02-27T22:48:26","date_gmt":"2025-02-27T21:48:26","guid":{"rendered":"https:\/\/pasaenmendoza.com\/?p=11832"},"modified":"2025-02-27T22:48:27","modified_gmt":"2025-02-27T21:48:27","slug":"sigue-en-estado-critico-el-chico-atropellado-en-lujan-y-pidieron-rezar-por-el","status":"publish","type":"post","link":"https:\/\/pasaenmendoza.com\/?p=11832","title":{"rendered":"Sigue en estado cr\u00edtico el chico atropellado en Luj\u00e1n y pidieron rezar por \u00e9l"},"content":{"rendered":"\n<p>El joven de 16 a\u00f1os que fue\u00a0<strong>atropellado<\/strong>\u00a0el s\u00e1bado pasado en\u00a0<strong>Luj\u00e1n<\/strong>, permanece internado en grav\u00edsimo estado en terapia intensiva del\u00a0<strong>Hospital Central<\/strong>. Se trata de El\u00edas Mad, un jugador de futsal del Club Carrodilla, que fue embestido por el conductor de un auto cuando sali\u00f3 a entrenar. Sus familiares piden rezar por \u00e9l.<\/p>\n\n\n\n<p>El \u00faltimo parte m\u00e9dico del\u00a0<strong>Hospital Central<\/strong>\u00a0indic\u00f3 que\u00a0<strong>El\u00edas Mad<\/strong>\u00a0sigue en estado cr\u00edtico sin novedades como consecuencia de las severas heridas que sufri\u00f3 en su cuerpo, especialmente en su cabeza.<\/p>\n\n\n\n<p>El d\u00eda que ingres\u00f3 al<strong>&nbsp;Hospital Central&nbsp;<\/strong>los m\u00e9dicos le pusieron un captor de pic que se utiliza para descomprimir la presi\u00f3n intracraneal que tiene como consecuencia de haber sido&nbsp;<strong>atropellado&nbsp;<\/strong>por un auto.<\/p>\n\n\n\n<p>Adem\u00e1s, tiene golpes importantes en su pecho y abdomen, lo que tambi\u00e9n es atendido por los m\u00e9dicos que siguen de cerca su cuadro, aunque advirtieron que est\u00e1 muy grave y con&nbsp;<strong>pron\u00f3stico reservado<\/strong>.<\/p>\n\n\n\n<h2 class=\"wp-block-heading\">Los familiares del joven atropellado pidieron que recen por \u00e9l<\/h2>\n\n\n\n<p>Mientras El\u00edas lleva 5 d\u00edas internado en terapia intensiva con pocas mejor\u00edas en su evoluci\u00f3n, sus familiares no se quedan con los brazos cruzaros y organizaron cadenas de oraciones para pedir su\u00a0<strong>recuperaci\u00f3n<\/strong>.<\/p>\n\n\n\n<p>En un posteo en Facebook indicaron que una de ellas se realiza todas las noches a las 22 &#8220;para elevar una oraci\u00f3n por\u00a0<strong>El\u00edas\u00a0<\/strong>juntos como una gran familia&#8221;, y agregaron: &#8220;Les pedimos que nos ayuden a rezar por El\u00edas, tiene que salir adelante&#8221;.<\/p>\n\n\n\n<p>Otro mensaje que circula por las redes indicaron: &#8220;Familia, amigos, el viernes 28 de febrero de 21 a 00 realizaremos una vigilia de oraci\u00f3n en la puerta del<strong>&nbsp;Hospital Central<\/strong>&nbsp;para llevarle luz y fuerzas a El\u00edas en esta dura batalla, para elevar nuestras s\u00faplicas a Dios Padre, hijo, Esp\u00edritu Santo y a nuestra Santa Madre Mar\u00eda, para sentirnos m\u00e1s cerca de nuestro guerrero en estas horas de aflicci\u00f3n&#8221;.<\/p>\n\n\n\n<p>&#8220;Hacemos extensiva la invitaci\u00f3n a toda la comunidad que nos quiera acompa\u00f1ar para hacer m\u00e1s poderoso aun nuestro pedido milagroso. Los esperamos con una velita blanca, y el coraz\u00f3n lleno de amor y compasi\u00f3n. #JuntosPorEl\u00edas&#8221;, indic\u00f3 el texto que iba acompa\u00f1ado con una foto del chico de 16 a\u00f1os que fue&nbsp;<strong>atropellado&nbsp;<\/strong>en la ma\u00f1ana del s\u00e1bado pasado.<\/p>\n\n\n\n<h2 class=\"wp-block-heading\">Imputaron a un hombre por haber atropellado a El\u00edas Mad<\/h2>\n\n\n\n<p>Luciano Calise fue imputado este jueves por el fiscal de Tr\u00e1nsito Fernando Giunta por lesiones graves agravado por darse a la fuga por el\u00a0<strong>accidente<\/strong>\u00a0ocurrido alrededor de las 8.30 del s\u00e1bado.<\/p>\n\n\n\n<p>El\u00edas Mad corr\u00eda por la ciclov\u00eda de calle Boedo y Terrada, de\u00a0<strong>Luj\u00e1n<\/strong>, donde fue\u00a0<strong>atropellado\u00a0<\/strong>por Calisa cuando iba al mando de un Peugeot 208. Sin auxiliar al adolescente se fue del lugar y 10 minutos m\u00e1s tarde se present\u00f3 en la Justicia con su padre para hacerse cargo del hecho.<\/p>\n\n\n\n<p><strong>Fuente: www.diariouno.com.ar<\/strong><a rel=\"noreferrer noopener\" href=\"https:\/\/www.facebook.com\/dialog\/feed?app_id=161316767303985&amp;link=https%3A%2F%2Fwww.diariouno.com.ar%2Fpoliciales%2Fsigue-estado-critico-el-chico-atropellado-lujan-y-pidieron-rezar-el-n1407617&amp;name=Sigue+en+estado+cr%C3%ADtico+el+chico+atropellado+en+Luj%C3%A1n+y+pidieron+rezar+por+%C3%A9l&amp;caption=atropellado&amp;description=El%C3%ADas+Mad%2C+de+16+a%C3%B1os%2C+fue+atropellado+el+s%C3%A1bado+pasado+en+Luj%C3%A1n.+Est%C3%A1+en+terapia+intensiva+del+Hospital+Central+muy+grave+tras+un+fuerte+golpe+en+la+cabeza&amp;redirect_uri=https%3A%2F%2Fwww.diariouno.com.ar%2Fpoliciales%2Fsigue-estado-critico-el-chico-atropellado-lujan-y-pidieron-rezar-el-n1407617\" target=\"_blank\"><\/a><\/p>\n","protected":false},"excerpt":{"rendered":"<p>El joven de 16 a\u00f1os que fue\u00a0atropellado\u00a0el s\u00e1bado pasado en\u00a0Luj\u00e1n, permanece internado en grav\u00edsimo estado en terapia intensiva del\u00a0Hospital Central. Se trata de El\u00edas Mad, un jugador de futsal del Club Carrodilla, que fue embestido por el conductor de un auto cuando sali\u00f3 a entrenar. Sus familiares piden rezar por \u00e9l. El \u00faltimo parte m\u00e9dico [&hellip;]<\/p>\n","protected":false},"author":2,"featured_media":11833,"comment_status":"open","ping_status":"open","sticky":false,"template":"","format":"standard","meta":[],"categories":[48],"tags":[],"_links":{"self":[{"href":"https:\/\/pasaenmendoza.com\/index.php?rest_route=\/wp\/v2\/posts\/11832"}],"collection":[{"href":"https:\/\/pasaenmendoza.com\/index.php?rest_route=\/wp\/v2\/posts"}],"about":[{"href":"https:\/\/pasaenmendoza.com\/index.php?rest_route=\/wp\/v2\/types\/post"}],"author":[{"embeddable":true,"href":"https:\/\/pasaenmendoza.com\/index.php?rest_route=\/wp\/v2\/users\/2"}],"replies":[{"embeddable":true,"href":"https:\/\/pasaenmendoza.com\/index.php?rest_route=%2Fwp%2Fv2%2Fcomments&post=11832"}],"version-history":[{"count":1,"href":"https:\/\/pasaenmendoza.com\/index.php?rest_route=\/wp\/v2\/posts\/11832\/revisions"}],"predecessor-version":[{"id":11834,"href":"https:\/\/pasaenmendoza.com\/index.php?rest_route=\/wp\/v2\/posts\/11832\/revisions\/11834"}],"wp:featuredmedia":[{"embeddable":true,"href":"https:\/\/pasaenmendoza.com\/index.php?rest_route=\/wp\/v2\/media\/11833"}],"wp:attachment":[{"href":"https:\/\/pasaenmendoza.com\/index.php?rest_route=%2Fwp%2Fv2%2Fmedia&parent=11832"}],"wp:term":[{"taxonomy":"category","embeddable":true,"href":"https:\/\/pasaenmendoza.com\/index.php?rest_route=%2Fwp%2Fv2%2Fcategories&post=11832"},{"taxonomy":"post_tag","embeddable":true,"href":"https:\/\/pasaenmendoza.com\/index.php?rest_route=%2Fwp%2Fv2%2Ftags&post=11832"}],"curies":[{"name":"wp","href":"https:\/\/api.w.org\/{rel}","templated":true}]}}