{"id":11835,"date":"2025-02-28T14:11:20","date_gmt":"2025-02-28T13:11:20","guid":{"rendered":"https:\/\/pasaenmendoza.com\/?p=11835"},"modified":"2025-02-28T14:11:21","modified_gmt":"2025-02-28T13:11:21","slug":"el-radar-del-granizo-alerta-naranja-por-tormentas-intensas-para-estas-zonas-de-mendoza","status":"publish","type":"post","link":"https:\/\/pasaenmendoza.com\/?p=11835","title":{"rendered":"El radar del granizo: alerta naranja por tormentas intensas para estas zonas de Mendoza"},"content":{"rendered":"\n<p>El Servicio Meteorol\u00f3gico Nacional anticip\u00f3 un alerta en nivel naranja por tormentas para la noche de este jueves, que se esperan para varios departamentos de la provincia, entre ellas, el Gran Mendoza.<\/p>\n\n\n\n<p>El alerta en ese nivel es&nbsp;<strong>para la noche del jueves y la madrugada del viernes<\/strong>.<\/p>\n\n\n\n<p>El aviso por tormentas intensas es para:<\/p>\n\n\n\n<ul>\n<li><strong>Este de Las Heras \u2013 La Paz \u2013 Lavalle \u2013 San Mart\u00edn \u2013 Santa Rosa<\/strong><\/li>\n<\/ul>\n\n\n\n<p>El nivel naranja implica lo siguiente:<\/p>\n\n\n\n<p>\u201c<em>El \u00e1rea ser\u00e1 afectada por<strong>\u00a0tormentas fuertes<\/strong>, algunas localmente severas. Las mismas estar\u00e1n acompa\u00f1adas por abundantes lluvias en cortos per\u00edodos, frecuente actividad el\u00e9ctrica, c<strong>a\u00edda de granizo\u00a0<\/strong>y r\u00e1fagas que podr\u00edan superar los 80 km\/h. Se prev\u00e9n valores de precipitaci\u00f3n acumulada entre 50 y 90 mm, pudiendo ser superados de forma puntual<\/em>\u201c.<\/p>\n\n\n\n<p>En\u00a0<strong>nivel amarillo<\/strong>\u00a0las zonas que tendr\u00e1n tormentas son las siguientes y se esperan para\u00a0<strong>la noche de este jueves y la madrugada del viernes:<\/strong><\/p>\n\n\n\n<ul>\n<li><strong>Jun\u00edn \u2013 Rivadavia \u2013 Valles de Luj\u00e1n de Cuyo \u2013 Valles de San Carlos \u2013 Valles de Tunuy\u00e1n \u2013 Valles de Tupungato<\/strong><\/li>\n<\/ul>\n\n\n\n<p>El nivel amarillo implica lo siguiente:<\/p>\n\n\n\n<p>\u201c<em>El \u00e1rea ser\u00e1 afectada por\u00a0<strong>tormentas fuertes<\/strong>. Las mismas podr\u00e1n estar acompa\u00f1adas por abundante precipitaci\u00f3n en cortos per\u00edodos, frecuente actividad el\u00e9ctrica,\u00a0<strong>ca\u00edda de granizo<\/strong>\u00a0y r\u00e1fagas intensas que pueden exceder los 60 km\/h. Se prev\u00e9n valores de precipitaci\u00f3n acumulada entre 25 y 45 mm, pudiendo ser superados en forma puntual<\/em>\u201c.<\/p>\n\n\n\n<p><strong>Fuente: www.elsol.com.ar<\/strong><\/p>\n","protected":false},"excerpt":{"rendered":"<p>El Servicio Meteorol\u00f3gico Nacional anticip\u00f3 un alerta en nivel naranja por tormentas para la noche de este jueves, que se esperan para varios departamentos de la provincia, entre ellas, el Gran Mendoza. El alerta en ese nivel es&nbsp;para la noche del jueves y la madrugada del viernes. El aviso por tormentas intensas es para: El [&hellip;]<\/p>\n","protected":false},"author":2,"featured_media":11836,"comment_status":"open","ping_status":"open","sticky":false,"template":"","format":"standard","meta":[],"categories":[52],"tags":[],"_links":{"self":[{"href":"https:\/\/pasaenmendoza.com\/index.php?rest_route=\/wp\/v2\/posts\/11835"}],"collection":[{"href":"https:\/\/pasaenmendoza.com\/index.php?rest_route=\/wp\/v2\/posts"}],"about":[{"href":"https:\/\/pasaenmendoza.com\/index.php?rest_route=\/wp\/v2\/types\/post"}],"author":[{"embeddable":true,"href":"https:\/\/pasaenmendoza.com\/index.php?rest_route=\/wp\/v2\/users\/2"}],"replies":[{"embeddable":true,"href":"https:\/\/pasaenmendoza.com\/index.php?rest_route=%2Fwp%2Fv2%2Fcomments&post=11835"}],"version-history":[{"count":1,"href":"https:\/\/pasaenmendoza.com\/index.php?rest_route=\/wp\/v2\/posts\/11835\/revisions"}],"predecessor-version":[{"id":11837,"href":"https:\/\/pasaenmendoza.com\/index.php?rest_route=\/wp\/v2\/posts\/11835\/revisions\/11837"}],"wp:featuredmedia":[{"embeddable":true,"href":"https:\/\/pasaenmendoza.com\/index.php?rest_route=\/wp\/v2\/media\/11836"}],"wp:attachment":[{"href":"https:\/\/pasaenmendoza.com\/index.php?rest_route=%2Fwp%2Fv2%2Fmedia&parent=11835"}],"wp:term":[{"taxonomy":"category","embeddable":true,"href":"https:\/\/pasaenmendoza.com\/index.php?rest_route=%2Fwp%2Fv2%2Fcategories&post=11835"},{"taxonomy":"post_tag","embeddable":true,"href":"https:\/\/pasaenmendoza.com\/index.php?rest_route=%2Fwp%2Fv2%2Ftags&post=11835"}],"curies":[{"name":"wp","href":"https:\/\/api.w.org\/{rel}","templated":true}]}}