{"id":11844,"date":"2025-02-28T14:22:50","date_gmt":"2025-02-28T13:22:50","guid":{"rendered":"https:\/\/pasaenmendoza.com\/?p=11844"},"modified":"2025-02-28T14:22:51","modified_gmt":"2025-02-28T13:22:51","slug":"fotos-y-videos-megaoperativo-en-el-gran-mendoza-por-venta-de-drogas-y-guerra-de-bandas","status":"publish","type":"post","link":"https:\/\/pasaenmendoza.com\/?p=11844","title":{"rendered":"Fotos y videos: megaoperativo en el Gran Mendoza por venta de drogas y guerra de bandas"},"content":{"rendered":"\n<p>Un&nbsp;<strong>megaoperativo policial<\/strong>&nbsp;sorprendi\u00f3 la tarde de este jueves a los habitantes del oeste de&nbsp;<strong>Godoy Cruz<\/strong>, el<strong>&nbsp;barrio San Mart\u00edn<\/strong>&nbsp;y el complejo&nbsp;<strong>La Favorita<\/strong>, en Ciudad, y tambi\u00e9n en un sector espec\u00edfico de&nbsp;<strong>Guaymall\u00e9n<\/strong>. Efectivos de la&nbsp;<strong>Polic\u00eda Contra el Narcotr\u00e1fico<\/strong>&nbsp;(<strong>PCN<\/strong>), de diferentes divisiones de&nbsp;<strong>Investigaciones&nbsp;<\/strong>y del&nbsp;<strong>Cuerpo de Infanter\u00eda<\/strong>&nbsp;irrumpieron en esas zonas del&nbsp;<strong>Gran Mendoza<\/strong>&nbsp;a bordo de movilidades, cuatriciclos y motocicletas, con el objetivo de desarticular una banda dedicada a la venta de estupefacientes y que viene protagonizando numerosos enfrentamientos armados desde el a\u00f1o pasado.<\/p>\n\n\n\n<p><strong>Las 45 medidas se ejecutaron a partir de las 19\u00a0<\/strong>en diferentes viviendas vinculadas a\u00a0la gavilla presuntamente liderada por\u00a0<strong>Patricia\u00a0<em>Pato\u00a0<\/em>Castro<\/strong>, una exsocia de<strong>\u00a0la\u00a0<em>Yaqui<\/em><\/strong>, Sandra Yaquelina Vargas, la jefa narco que se encuentra cumpliendo una condena por\u00a0<strong>tenencia de drogas y lavado de activos<\/strong>, con quien actualmente se encuentra enfrentada, tal como lo revel\u00f3\u00a0<strong><em>El Sol<\/em><\/strong>.<\/p>\n\n\n\n<p>La enemistad entre las dos facciones provoc\u00f3 m\u00faltiples tiroteos en el sector de los\u00a0<strong>barrios Covitedyc y Proyecto Joven<\/strong>, comprendidos entre las calles\u00a0<strong>Salvador Arias, Salvador Civit y Arturo Illia<\/strong>, y\u00a0protagonizados por soldaditos o pichones de ambas organizaciones delictivas.<\/p>\n\n\n\n<p>Por eso, a ra\u00edz de la escalada de violencia, hechos publicados pro este diario el a\u00f1o pasado, se inici\u00f3 una importante investigaci\u00f3n que desemboc\u00f3 en los diversos registros domiciliarios que se practicaron este jueves en las barriadas, mediante los cuales se concretaron algunas detenciones de j\u00f3venes que responden a la\u00a0<strong><em>Pato\u00a0<\/em>Castro<\/strong>.<\/p>\n\n\n\n<p>Asimismo, la hermana de la&nbsp;<em>Pato&nbsp;<\/em>Castro, Ana Mar\u00eda, hab\u00eda sido capturada el a\u00f1o pasado en el oeste de Godoy Cruz (la mujer es oriunda del barrio<strong>&nbsp;San Mart\u00edn<\/strong>) por eso tambi\u00e9n la pesquisa se extendi\u00f3 hacia ese sector de la zona metropolitana, donde miembros de la banda tambi\u00e9n tienen base. Mientras que en&nbsp;<strong>Guaymall\u00e9n<\/strong>, surge de la investigaci\u00f3n, la mujer tendr\u00eda una casa escondida.<\/p>\n\n\n\n<p>En el oeste de Capital, hubo medidas en las inmediaciones de la Plaza Aliar y tambi\u00e9n los complejos Nuevo Amanecer y Nueva Generaci\u00f3n. Al igual que en los otros sectores, el movimiento policial se hizo sentir, principalmente cuando irrumpieron con movilidades y el apoyo a\u00e9reo de la\u00a0<strong>Divisi\u00f3n VANT\u00a0<\/strong>(Veh\u00edculos A\u00e9reos No Tripulados).<\/p>\n\n\n\n<p>En los allanamientos, los sabuesos policiales no solo iban en busca de la sindicada l\u00edder narco y sus secuaces, sino tambi\u00e9n ten\u00edan como objetivo el secuestro de estupefacientes y las armas de alto poder que eran utilizadas en los enfrentamientos, tales como<strong>\u00a0subfusiles FMK-3 y pistolas calibre 9 mil\u00edmetros<\/strong>.<\/p>\n\n\n\n<p>M\u00e1s all\u00e1 de eso, los\u00a0<strong>resultados de los allanamientos<\/strong>\u00a0contra los acusados de los diversos delitos revelaron que la Pato Castro fue capturada con su esposo. En total, 17 sospechosos de integrar la organizaci\u00f3n terminaron tras las rejas.<\/p>\n\n\n\n<p><strong>Fuente: www.elsol.com.ar<\/strong><\/p>\n","protected":false},"excerpt":{"rendered":"<p>Un&nbsp;megaoperativo policial&nbsp;sorprendi\u00f3 la tarde de este jueves a los habitantes del oeste de&nbsp;Godoy Cruz, el&nbsp;barrio San Mart\u00edn&nbsp;y el complejo&nbsp;La Favorita, en Ciudad, y tambi\u00e9n en un sector espec\u00edfico de&nbsp;Guaymall\u00e9n. Efectivos de la&nbsp;Polic\u00eda Contra el Narcotr\u00e1fico&nbsp;(PCN), de diferentes divisiones de&nbsp;Investigaciones&nbsp;y del&nbsp;Cuerpo de Infanter\u00eda&nbsp;irrumpieron en esas zonas del&nbsp;Gran Mendoza&nbsp;a bordo de movilidades, cuatriciclos y motocicletas, con el [&hellip;]<\/p>\n","protected":false},"author":2,"featured_media":11845,"comment_status":"open","ping_status":"open","sticky":false,"template":"","format":"standard","meta":[],"categories":[48],"tags":[],"_links":{"self":[{"href":"https:\/\/pasaenmendoza.com\/index.php?rest_route=\/wp\/v2\/posts\/11844"}],"collection":[{"href":"https:\/\/pasaenmendoza.com\/index.php?rest_route=\/wp\/v2\/posts"}],"about":[{"href":"https:\/\/pasaenmendoza.com\/index.php?rest_route=\/wp\/v2\/types\/post"}],"author":[{"embeddable":true,"href":"https:\/\/pasaenmendoza.com\/index.php?rest_route=\/wp\/v2\/users\/2"}],"replies":[{"embeddable":true,"href":"https:\/\/pasaenmendoza.com\/index.php?rest_route=%2Fwp%2Fv2%2Fcomments&post=11844"}],"version-history":[{"count":1,"href":"https:\/\/pasaenmendoza.com\/index.php?rest_route=\/wp\/v2\/posts\/11844\/revisions"}],"predecessor-version":[{"id":11846,"href":"https:\/\/pasaenmendoza.com\/index.php?rest_route=\/wp\/v2\/posts\/11844\/revisions\/11846"}],"wp:featuredmedia":[{"embeddable":true,"href":"https:\/\/pasaenmendoza.com\/index.php?rest_route=\/wp\/v2\/media\/11845"}],"wp:attachment":[{"href":"https:\/\/pasaenmendoza.com\/index.php?rest_route=%2Fwp%2Fv2%2Fmedia&parent=11844"}],"wp:term":[{"taxonomy":"category","embeddable":true,"href":"https:\/\/pasaenmendoza.com\/index.php?rest_route=%2Fwp%2Fv2%2Fcategories&post=11844"},{"taxonomy":"post_tag","embeddable":true,"href":"https:\/\/pasaenmendoza.com\/index.php?rest_route=%2Fwp%2Fv2%2Ftags&post=11844"}],"curies":[{"name":"wp","href":"https:\/\/api.w.org\/{rel}","templated":true}]}}