{"id":11847,"date":"2025-02-28T22:46:07","date_gmt":"2025-02-28T21:46:07","guid":{"rendered":"https:\/\/pasaenmendoza.com\/?p=11847"},"modified":"2025-02-28T22:46:08","modified_gmt":"2025-02-28T21:46:08","slug":"la-dge-habilito-a-recibidos-de-carreras-no-docentes-a-dar-clase-en-secundarias","status":"publish","type":"post","link":"https:\/\/pasaenmendoza.com\/?p=11847","title":{"rendered":"La DGE habilit\u00f3 a recibidos de carreras no docentes a dar clase en secundarias"},"content":{"rendered":"\n<p><span style=\"color: rgb(48, 48, 48); font-family: inherit; font-size: 1.125em; font-style: inherit; font-variant-ligatures: inherit; font-variant-caps: inherit; font-weight: inherit; white-space-collapse: collapse;\">El Ministerio de Educaci\u00f3n y\u00a0<\/span><span style=\"color: rgb(48, 48, 48); font-family: inherit; font-size: 1.125em; font-style: inherit; font-variant: inherit; white-space-collapse: collapse; box-sizing: inherit; font-weight: 700; font-stretch: inherit; line-height: inherit; font-optical-sizing: inherit; font-size-adjust: inherit; font-kerning: inherit; font-feature-settings: inherit; font-variation-settings: inherit; margin: 0px; padding: 0px; vertical-align: baseline; border: 0px;\">DGE\u00a0<\/span><span style=\"color: rgb(48, 48, 48); font-family: inherit; font-size: 1.125em; font-style: inherit; font-variant-ligatures: inherit; font-variant-caps: inherit; font-weight: inherit; white-space-collapse: collapse;\">incorpor\u00f3 esta semana nuevos t\u00edtulos habilitados para ejercer la docencia en las escuelas secundarias. La medida es parte de un proceso de transformaci\u00f3n abordado para que el sistema educativo responda a necesidades reales especialmente en lo que refiere a la demanda laboral en la provincia.<\/span><article class=\"article-body\" style=\"box-sizing: inherit; font-variant-numeric: inherit; font-variant-east-asian: inherit; font-variant-alternates: inherit; font-variant-position: inherit; font-variant-emoji: inherit; font-stretch: inherit; line-height: inherit; font-family: Roboto, &quot;Helvetica Neue&quot;, Arial, sans-serif; font-optical-sizing: inherit; font-size-adjust: inherit; font-kerning: inherit; font-feature-settings: inherit; font-variation-settings: inherit; font-size: 16px; margin: 0px; padding: 0px; vertical-align: baseline; border: 0px; white-space-collapse: collapse;\"><div class=\"article-content\" style=\"box-sizing: inherit; font-style: inherit; font-variant: inherit; font-weight: inherit; font-stretch: inherit; line-height: inherit; font-family: inherit; font-optical-sizing: inherit; font-size-adjust: inherit; font-kerning: inherit; font-feature-settings: inherit; font-variation-settings: inherit; margin: 0px; padding: 0px; vertical-align: baseline; border: 0px;\"><div class=\"cuerpo\" style=\"box-sizing: inherit; font-style: inherit; font-variant: inherit; font-weight: inherit; font-stretch: inherit; line-height: inherit; font-family: inherit; font-optical-sizing: inherit; font-size-adjust: inherit; font-kerning: inherit; font-feature-settings: inherit; font-variation-settings: inherit; margin: 0px; padding: 0px; vertical-align: baseline; border: 0px;\" data-twitter-link=\"\"><p style=\"box-sizing: inherit; font-style: inherit; font-variant: inherit; font-weight: inherit; font-stretch: inherit; line-height: 1.75rem; font-family: inherit; font-optical-sizing: inherit; font-size-adjust: inherit; font-kerning: inherit; font-feature-settings: inherit; font-variation-settings: inherit; font-size: 1.125em; margin: 0px 0px 1.875rem; padding: 0px; vertical-align: baseline; border: 0px; color: rgb(48, 48, 48);\">As\u00ed, t\u00e9cnicos y licenciados de carreras no docentes, como los relacionados a energ\u00edas renovables o desarrollo de software, quedaron habilitados por la\u00a0<span style=\"box-sizing: inherit; font-style: inherit; font-variant: inherit; font-weight: 700; font-stretch: inherit; line-height: inherit; font-family: inherit; font-optical-sizing: inherit; font-size-adjust: inherit; font-kerning: inherit; font-feature-settings: inherit; font-variation-settings: inherit; margin: 0px; padding: 0px; vertical-align: baseline; border: 0px;\">DGE\u00a0<\/span>para poder dar clases, no solo en las secundarias sino tambi\u00e9n en centros de formaci\u00f3n profesional y de capacitaci\u00f3n para el trabajo. En total son 24 los t\u00edtulos reconocidos. Seg\u00fan contaron desde la\u00a0<span style=\"box-sizing: inherit; font-style: inherit; font-variant: inherit; font-weight: 700; font-stretch: inherit; line-height: inherit; font-family: inherit; font-optical-sizing: inherit; font-size-adjust: inherit; font-kerning: inherit; font-feature-settings: inherit; font-variation-settings: inherit; margin: 0px; padding: 0px; vertical-align: baseline; border: 0px;\">DGE\u00a0<\/span>en la\u00a0resoluci\u00f3n N\u00b0 574 publicada este viernes en el Bolet\u00edn Oficial, fueron los propios profesionales, los\u00a0<span style=\"box-sizing: inherit; font-style: inherit; font-variant: inherit; font-weight: 700; font-stretch: inherit; line-height: inherit; font-family: inherit; font-optical-sizing: inherit; font-size-adjust: inherit; font-kerning: inherit; font-feature-settings: inherit; font-variation-settings: inherit; margin: 0px; padding: 0px; vertical-align: baseline; border: 0px;\">docentes\u00a0<\/span>y las casas de altos estudios los que solicitaron la revisi\u00f3n.<\/p><\/div><\/div><\/article><\/p>\n\n\n\n<p>Despu\u00e9s de su an\u00e1lisis, de tachas y correcciones, qued\u00f3 una lista final que se adapta a este proceso de transformaci\u00f3n de la&nbsp;<strong>Escuela Secundaria<\/strong>&nbsp;que aborda el Gobierno Escolar, \u201cconsiderando al trabajo docente como garante de la igualdad educativa, de aprendizajes con calidad y del desarrollo de experiencias innovadoras\u201d.<\/p>\n\n\n\n<h2 class=\"wp-block-heading\">Los nuevos profesionales habilitados por la DGE para dar clases<\/h2>\n\n\n\n<p>En la n\u00f3mina, que se suma a los c\u00f3digos de t\u00edtulos ya existentes en el Nomenclador de T\u00edtulos de Grado, figuran profesionales como acompa\u00f1antes terap\u00e9uticos, licenciados en&nbsp;<strong>Educaci\u00f3n&nbsp;<\/strong>Inclusiva, t\u00e9cnicos en Cuidados Infantiles y en Pedagog\u00eda y&nbsp;<strong>Educaci\u00f3n&nbsp;<\/strong>Social.<\/p>\n\n\n\n<p>Tambi\u00e9n aquellos que tienen que ver con ciencias como arqueolog\u00eda o paleontolog\u00eda; profesionales de ramas art\u00edsticas como&nbsp;<strong>profesores&nbsp;<\/strong>de danzas contempor\u00e1neas, coreograf\u00eda o interpretaci\u00f3n de danza; o relacionados al deporte, como los licenciados en alto rendimiento.<\/p>\n\n\n\n<p>En lo que tiene que ver con la matriz productiva de\u00a0<strong>Mendoza<\/strong>, se reconocen los t\u00edtulos de licenciado en organizaci\u00f3n industrial, tecnolog\u00eda de los alimentos, enolog\u00eda, desarrollo de software, energ\u00edas renovables, metalmec\u00e1nica y producci\u00f3n de indumentaria, entre otros.<\/p>\n\n\n\n<p>Seg\u00fan el anexo de la resoluci\u00f3n, las carreras habilitadas para dar&nbsp;<strong>clases&nbsp;<\/strong>son:<\/p>\n\n\n\n<ol>\n<li>T\u00c9CNICO\/A SUPERIOR EN ACOMPA\u00d1ANTE TERAP\u00c9UTICO<\/li>\n\n\n\n<li>LICENCIADO\/A EN ARQUEOLOG\u00cdA<\/li>\n\n\n\n<li>LICENCIADO\/A EN BIOLOG\u00cdA (ORIENTACI\u00d3N PALEONTOLOG\u00cdA)<\/li>\n\n\n\n<li>LICENCIADO\/A EN COMPOSICI\u00d3N COREOGR\u00c1FICA MENCI\u00d3N DANZA<\/li>\n\n\n\n<li>LICENCIADO\/A EN EDUCACI\u00d3N INCLUSIVA<\/li>\n\n\n\n<li>LICENCIADO\/A EN CURADUR\u00cdA Y GESTI\u00d3N DE ARTE<\/li>\n\n\n\n<li>LICENCIADO\/A EN GESTI\u00d3N EDUCATIVA EN CONTEXTOS DE ENCIERRO<\/li>\n\n\n\n<li>LICENCIADO\/A EN GESTI\u00d3N Y ADMINISTRACI\u00d3N UNIVERSITARIA<\/li>\n\n\n\n<li>LICENCIADO\/A EN ORGANIZACI\u00d3N INDUSTRIAL<\/li>\n\n\n\n<li>T\u00c9CNICO\/A DE CUIDADOS INFANTILES<\/li>\n\n\n\n<li>T\u00c9CNICO\/A EN ADMINISTRACI\u00d3N DE EMPRESA RURAL<\/li>\n\n\n\n<li>T\u00c9CNICO\/A EN INTERPRETACI\u00d3N DE DANZA<\/li>\n\n\n\n<li>T\u00c9CNICO\/A SUPERIOR EN PEDAGOG\u00cdA Y EDUCACI\u00d3N SOCIAL<\/li>\n\n\n\n<li>T\u00c9CNICO\/A EN TECNOLOG\u00cdA DE LOS ALIMENTOS<\/li>\n\n\n\n<li>PROFESOR\/A EN DANZAS ORIENTACI\u00d3N DANZAS CONTEMPOR\u00c1NEAS<\/li>\n\n\n\n<li>T\u00c9CNICO\/A SUPERIOR EN DESARROLLO DE SOFTWARE<\/li>\n\n\n\n<li>T\u00c9CNICO\/A SUPERIOR EN ENERG\u00cdAS RENOVABLES<\/li>\n\n\n\n<li>T\u00c9CNICO\/A SUPERIOR EN METALMEC\u00c1NICA<\/li>\n\n\n\n<li>T\u00c9CNICO\/A SUPERIOR EN ENOLOG\u00cdA E INDUSTRIA DE LOS ALIMENTOS<\/li>\n\n\n\n<li>T\u00c9CNICO\/A SUPERIOR EN ORGANIZACI\u00d3N INDUSTRIAL<\/li>\n\n\n\n<li>T\u00c9CNICO\/A SUPERIOR EN PROMOCI\u00d3N SOCIOCULTURAL Y COMUNITARIA<\/li>\n\n\n\n<li>LICENCIADO\/A EN ALTO RENDIMIENTO DEPORTIVO<\/li>\n\n\n\n<li>T\u00c9CNICO\/A UNIVERSITARIO EN ADMINISTRACI\u00d3N<\/li>\n\n\n\n<li>T\u00c9CNICO\/A SUPERIOR EN PRODUCCI\u00d3N DE INDUMENTARIA<\/li>\n<\/ol>\n\n\n\n<p>Estos nuevos t\u00edtulos que incorpor\u00f3 la\u00a0<strong>DGE\u00a0<\/strong>al sistema son de inmediata aplicaci\u00f3n en el nomenclador que utilizan las Juntas Calificadoras de M\u00e9ritos de\u00a0<strong>Educaci\u00f3n Secundaria<\/strong>, Educaci\u00f3n Permanente de J\u00f3venes y Adultos y de Educaci\u00f3n T\u00e9cnica Y Trabajo.<\/p>\n\n\n\n<p><strong>Fuente: www.diariouno.com.ar<\/strong><\/p>\n","protected":false},"excerpt":{"rendered":"<p>El Ministerio de Educaci\u00f3n y\u00a0DGE\u00a0incorpor\u00f3 esta semana nuevos t\u00edtulos habilitados para ejercer la docencia en las escuelas secundarias. La medida es parte de un proceso de transformaci\u00f3n abordado para que el sistema educativo responda a necesidades reales especialmente en lo que refiere a la demanda laboral en la provincia. As\u00ed, t\u00e9cnicos y licenciados de carreras [&hellip;]<\/p>\n","protected":false},"author":2,"featured_media":11848,"comment_status":"open","ping_status":"open","sticky":false,"template":"","format":"standard","meta":[],"categories":[56],"tags":[],"_links":{"self":[{"href":"https:\/\/pasaenmendoza.com\/index.php?rest_route=\/wp\/v2\/posts\/11847"}],"collection":[{"href":"https:\/\/pasaenmendoza.com\/index.php?rest_route=\/wp\/v2\/posts"}],"about":[{"href":"https:\/\/pasaenmendoza.com\/index.php?rest_route=\/wp\/v2\/types\/post"}],"author":[{"embeddable":true,"href":"https:\/\/pasaenmendoza.com\/index.php?rest_route=\/wp\/v2\/users\/2"}],"replies":[{"embeddable":true,"href":"https:\/\/pasaenmendoza.com\/index.php?rest_route=%2Fwp%2Fv2%2Fcomments&post=11847"}],"version-history":[{"count":1,"href":"https:\/\/pasaenmendoza.com\/index.php?rest_route=\/wp\/v2\/posts\/11847\/revisions"}],"predecessor-version":[{"id":11849,"href":"https:\/\/pasaenmendoza.com\/index.php?rest_route=\/wp\/v2\/posts\/11847\/revisions\/11849"}],"wp:featuredmedia":[{"embeddable":true,"href":"https:\/\/pasaenmendoza.com\/index.php?rest_route=\/wp\/v2\/media\/11848"}],"wp:attachment":[{"href":"https:\/\/pasaenmendoza.com\/index.php?rest_route=%2Fwp%2Fv2%2Fmedia&parent=11847"}],"wp:term":[{"taxonomy":"category","embeddable":true,"href":"https:\/\/pasaenmendoza.com\/index.php?rest_route=%2Fwp%2Fv2%2Fcategories&post=11847"},{"taxonomy":"post_tag","embeddable":true,"href":"https:\/\/pasaenmendoza.com\/index.php?rest_route=%2Fwp%2Fv2%2Ftags&post=11847"}],"curies":[{"name":"wp","href":"https:\/\/api.w.org\/{rel}","templated":true}]}}