{"id":11853,"date":"2025-02-28T23:01:33","date_gmt":"2025-02-28T22:01:33","guid":{"rendered":"https:\/\/pasaenmendoza.com\/?p=11853"},"modified":"2025-02-28T23:01:33","modified_gmt":"2025-02-28T22:01:33","slug":"por-una-reforma-clave-las-adopciones-en-mendoza-ya-son-mas-agiles-y-simples","status":"publish","type":"post","link":"https:\/\/pasaenmendoza.com\/?p=11853","title":{"rendered":"Por una reforma clave, las adopciones en Mendoza ya son m\u00e1s \u00e1giles y simples"},"content":{"rendered":"\n<p>La meta que se traz\u00f3\u00a0<strong>Alfredo Cornejo<\/strong>\u00a0de agilizar los burocr\u00e1ticos procesos de\u00a0<strong>adopciones en Mendoza<\/strong>\u00a0comenz\u00f3 a materializarse este viernes. Es que entr\u00f3 en vigencia la reforma del\u00a0<strong>C\u00f3digo Procesal de Familia<\/strong>\u00a0que se vot\u00f3 a principios de mes y que con varias medidas viene a agilizar aquellas adopciones.<\/p>\n\n\n\n<p>Desde ahora adoptar un ni\u00f1o en la provincia no s\u00f3lo ser\u00e1 m\u00e1s simple para los pretensos\u00a0<strong>adoptantes<\/strong>, sino que tambi\u00e9n se reducir\u00e1 el tiempo que esos ni\u00f1os pasan en hogares o instituciones del Estado.<\/p>\n\n\n\n<p>Adem\u00e1s la norma refuerza la obligatoriedad de la&nbsp;<strong>mediaci\u00f3n<\/strong>&nbsp;en determinados&nbsp;<strong>conflictos familiares,<\/strong>&nbsp;establece plazos m\u00e1s r\u00e1pidos para la resoluci\u00f3n de medidas de protecci\u00f3n en casos de violencia de g\u00e9nero y agiliza los procesos de adopci\u00f3n.<\/p>\n\n\n\n<h2 class=\"wp-block-heading\">Hay plazos judiciales para acelerar las adopciones en Mendoza<\/h2>\n\n\n\n<p>Por citar un ejemplo, ahora se fijan plazos espec\u00edficos para la tramitaci\u00f3n de apelaciones y recursos extraordinarios. En caso de que una\u00a0<strong>sentencia de adopci\u00f3n<\/strong>\u00a0sea apelada, la C\u00e1mara de Apelaciones deber\u00e1 fijar una audiencia con el menor dentro de los 3 d\u00edas siguientes y resolver el caso en un plazo m\u00e1ximo de 10 d\u00edas.<\/p>\n\n\n\n<p>Si la causa llega a instancia de recurso extraordinario provincial, se prev\u00e9 la realizaci\u00f3n de audiencias en un plazo m\u00e1ximo de 30 d\u00edas, asegurando que la decisi\u00f3n final no se prolongue indefinidamente.<\/p>\n\n\n\n<p>Otro de los cambios que incluye la nueva ley y que celebraron las personas que son&nbsp;<strong>pretensos adoptantes<\/strong>, es que ahora se permite que los guardadores de ni\u00f1os mayores de 5 a\u00f1os o de grupos de hermanos puedan realizar el proceso de&nbsp;<strong>adopci\u00f3n<\/strong>&nbsp;sin la obligaci\u00f3n de contar con patrocinio letrado, lo que hace menos costoso ese proceso.<\/p>\n\n\n\n<p>Adem\u00e1s, la nueva ley crea el&nbsp;<strong>Registro de Mediadores Ad-Hoc<\/strong>&nbsp;para mejorar la atenci\u00f3n en los procesos de mediaci\u00f3n familiar y se incorporan nuevas herramientas para garantizar una respuesta m\u00e1s efectiva ante situaciones de violencia.<\/p>\n\n\n\n<h2 class=\"wp-block-heading\">Agilizar las notificaciones con mensajes por WhatsApp<\/h2>\n\n\n\n<p>A partir de la implementaci\u00f3n de esta ley se establece en qu\u00e9 casos los tribunales podr\u00e1n enviar<strong>&nbsp;notificaciones oficiales<\/strong>&nbsp;a trav\u00e9s de aplicaciones que permitan la transmisi\u00f3n de datos, evitando demoras en la comunicaci\u00f3n de medidas urgentes.<\/p>\n\n\n\n<p>Seg\u00fan el nuevo art\u00edculo 4 bis del C\u00f3digo, esta modalidad podr\u00e1 utilizarse en los siguientes casos:<\/p>\n\n\n\n<ul>\n<li>Notificaci\u00f3n de medidas de protecci\u00f3n y citaciones a pericias o audiencias.<\/li>\n\n\n\n<li>Procesos no patrimoniales con demandados fuera de la provincia.<\/li>\n\n\n\n<li>Casos en los que la notificaci\u00f3n tradicional haya fracasado al menos dos veces.<\/li>\n\n\n\n<li>Autorizaciones de viaje y otras situaciones en las que el juez considere necesario el uso de este mecanismo.<\/li>\n<\/ul>\n\n\n\n<p>Para garantizar la validez de estas notificaciones, los juzgados deber\u00e1n utilizar&nbsp;<strong>l\u00edneas telef\u00f3nicas oficiales<\/strong>&nbsp;y registrar cada comunicaci\u00f3n en actas digitales. Adem\u00e1s, se exigir\u00e1 la confirmaci\u00f3n de recepci\u00f3n del mensaje para que la notificaci\u00f3n tenga validez legal.<\/p>\n\n\n\n<p>Este cambio puntual pretende reducir los tiempos de los procesos y garantizar que las partes involucradas reciban la informaci\u00f3n de manera m\u00e1s r\u00e1pida y efectiva.<\/p>\n\n\n\n<h2 class=\"wp-block-heading\">Desde ahora es obligatoria la mediaci\u00f3n en conflictos de familia<\/h2>\n\n\n\n<p>De manera similar a lo que ya rige en materia de conflictos laborales, en donde antes de judicializar un conflicto es obligatorio pasar por las Oficinas de Conciliaci\u00f3n Olbigatoria (OCLO), ahora en para determinados casos de conflictos familiares tambi\u00e9n se deber\u00e1 pasar por esa mediaci\u00f3n.<\/p>\n\n\n\n<p>La ley establece que, antes de iniciar demandas, las partes deber\u00e1n acudir a la mediaci\u00f3n para intentar una soluci\u00f3n extrajudicial.<\/p>\n\n\n\n<p>Entre los casos en los que ser\u00e1 obligatorio este procedimiento se encuentran:<\/p>\n\n\n\n<ul>\n<li>Disputas derivadas de uniones convivenciales.<\/li>\n\n\n\n<li>Conflictos por responsabilidad parental.<\/li>\n\n\n\n<li>Problemas relacionados con la guarda y tutela de menores.<\/li>\n\n\n\n<li>Reclamaciones de filiaci\u00f3n.<\/li>\n<\/ul>\n\n\n\n<p>Adem\u00e1s, la nueva normativa crea un&nbsp;<strong>Registro de Abogados y Mediadores Ad-Hoc<\/strong>, que depender\u00e1 de la Suprema Corte de Justicia con el objetivo de garantizar la calidad del servicio de mediaci\u00f3n y facilitar el acceso a profesionales capacitados en resoluci\u00f3n de conflictos.<\/p>\n\n\n\n<p>En materia de<strong>&nbsp;violencia de g\u00e9nero y violencia familiar<\/strong>, la reforma incorpora modificaciones destinadas a agilizar la tramitaci\u00f3n de las medidas de protecci\u00f3n. A partir de ahora, los jueces podr\u00e1n fijar audiencias dentro de los siete d\u00edas posteriores a la denuncia, donde las partes podr\u00e1n:<\/p>\n\n\n\n<ul>\n<li>Acordar una cuota alimentaria para la v\u00edctima.<\/li>\n\n\n\n<li>Discutir la entrega de efectos personales o bienes esenciales.<\/li>\n\n\n\n<li>Definir pautas sobre la comunicaci\u00f3n y cuidado de los hijos.<\/li>\n<\/ul>\n\n\n\n<p>Asimismo, se establece un plazo m\u00e1ximo de cinco d\u00edas para que el denunciado pueda presentar oposici\u00f3n a una medida de restricci\u00f3n, garantizando el derecho de defensa sin dilatar el proceso.<\/p>\n\n\n\n<p><strong>Fuente: www.diariouno.com.ar<\/strong><\/p>\n","protected":false},"excerpt":{"rendered":"<p>La meta que se traz\u00f3\u00a0Alfredo Cornejo\u00a0de agilizar los burocr\u00e1ticos procesos de\u00a0adopciones en Mendoza\u00a0comenz\u00f3 a materializarse este viernes. Es que entr\u00f3 en vigencia la reforma del\u00a0C\u00f3digo Procesal de Familia\u00a0que se vot\u00f3 a principios de mes y que con varias medidas viene a agilizar aquellas adopciones. Desde ahora adoptar un ni\u00f1o en la provincia no s\u00f3lo ser\u00e1 [&hellip;]<\/p>\n","protected":false},"author":2,"featured_media":11854,"comment_status":"open","ping_status":"open","sticky":false,"template":"","format":"standard","meta":[],"categories":[50],"tags":[],"_links":{"self":[{"href":"https:\/\/pasaenmendoza.com\/index.php?rest_route=\/wp\/v2\/posts\/11853"}],"collection":[{"href":"https:\/\/pasaenmendoza.com\/index.php?rest_route=\/wp\/v2\/posts"}],"about":[{"href":"https:\/\/pasaenmendoza.com\/index.php?rest_route=\/wp\/v2\/types\/post"}],"author":[{"embeddable":true,"href":"https:\/\/pasaenmendoza.com\/index.php?rest_route=\/wp\/v2\/users\/2"}],"replies":[{"embeddable":true,"href":"https:\/\/pasaenmendoza.com\/index.php?rest_route=%2Fwp%2Fv2%2Fcomments&post=11853"}],"version-history":[{"count":1,"href":"https:\/\/pasaenmendoza.com\/index.php?rest_route=\/wp\/v2\/posts\/11853\/revisions"}],"predecessor-version":[{"id":11855,"href":"https:\/\/pasaenmendoza.com\/index.php?rest_route=\/wp\/v2\/posts\/11853\/revisions\/11855"}],"wp:featuredmedia":[{"embeddable":true,"href":"https:\/\/pasaenmendoza.com\/index.php?rest_route=\/wp\/v2\/media\/11854"}],"wp:attachment":[{"href":"https:\/\/pasaenmendoza.com\/index.php?rest_route=%2Fwp%2Fv2%2Fmedia&parent=11853"}],"wp:term":[{"taxonomy":"category","embeddable":true,"href":"https:\/\/pasaenmendoza.com\/index.php?rest_route=%2Fwp%2Fv2%2Fcategories&post=11853"},{"taxonomy":"post_tag","embeddable":true,"href":"https:\/\/pasaenmendoza.com\/index.php?rest_route=%2Fwp%2Fv2%2Ftags&post=11853"}],"curies":[{"name":"wp","href":"https:\/\/api.w.org\/{rel}","templated":true}]}}