{"id":11860,"date":"2025-03-05T20:16:02","date_gmt":"2025-03-05T19:16:02","guid":{"rendered":"https:\/\/pasaenmendoza.com\/?p=11860"},"modified":"2025-03-05T20:23:07","modified_gmt":"2025-03-05T19:23:07","slug":"mendoza-fue-una-de-las-4-provincias-con-mayor-ocupacion-hotelera-en-el-finde-xl-de-carnaval","status":"publish","type":"post","link":"https:\/\/pasaenmendoza.com\/?p=11860","title":{"rendered":"Mendoza fue una de las 4 provincias con mayor ocupaci\u00f3n hotelera en el finde XL de Carnaval"},"content":{"rendered":"\n<p>El finde XL de&nbsp;<strong>Carnaval<\/strong>&nbsp;moviliz\u00f3 a 2,8 millones de turistas por el pa\u00eds.&nbsp;<strong>Mendoza<\/strong>, una de las 4 provincias con m\u00e1s&nbsp;<strong>ocupaci\u00f3n hotelera<\/strong>, contribuy\u00f3 al alza de&nbsp;<strong>7,6% respecto al 2024<\/strong>, seg\u00fan la Confederaci\u00f3n Argentina de la Mediana Empresa (<strong>CAME<\/strong>).<\/p>\n\n\n\n<p>El impacto econ\u00f3mico total ascendi\u00f3 a&nbsp;<strong>$701.064 millones<\/strong>, con un gasto promedio de&nbsp;<strong>$89.167 por persona<\/strong>, lo que signific\u00f3 un&nbsp;<strong>aumento real del 33,8% en comparaci\u00f3n con el a\u00f1o pasado<\/strong>.<\/p>\n\n\n\n<p>La estad\u00eda promedio se situ\u00f3 en&nbsp;<strong>2,8 d\u00edas<\/strong>, lo que en el sector interpretan como la confirmaci\u00f3n de una tendencia:&nbsp;<strong>escapadas cortas<\/strong>&nbsp;pero intensivas en consumo. En&nbsp;<strong>Mendoza<\/strong>&nbsp;la estad\u00eda promedio lleg\u00f3 a&nbsp;<strong>3 d\u00edas,<\/strong>&nbsp;con una ocupaci\u00f3n hotelera del&nbsp;<strong>75%<\/strong>.<\/p>\n\n\n\n<p>El informe de&nbsp;<strong>CAME<\/strong>&nbsp;concluy\u00f3 que el balance de Carnaval super\u00f3 las expectativas y mostr\u00f3&nbsp;<strong>un mejor desempe\u00f1o que la temporada de verano<\/strong>, en la que la visita a destinos internos hab\u00eda registrado una ca\u00edda del&nbsp;<strong>4%<\/strong>.<\/p>\n\n\n\n<figure class=\"wp-block-image\"><img decoding=\"async\" src=\"https:\/\/media.diariouno.com.ar\/p\/47ae33d07f9c846f7c54c705fcc14e6c\/adjuntos\/298\/imagenes\/009\/506\/0009506823\/1200x0\/smart\/imagepng.png\" alt=\"\" title=\"\"\/><\/figure>\n\n\n\n<h2 class=\"wp-block-heading\">Mendoza, arriba en ocupaci\u00f3n hotelera<\/h2>\n\n\n\n<p><strong>Entre R\u00edos, Jujuy, Mendoza y Corrientes<\/strong>&nbsp;fueron las provincias con&nbsp;<strong>mayor afluencia de turistas<\/strong>, registrando niveles de ocupaci\u00f3n superiores al&nbsp;<strong>90%<\/strong>&nbsp;en varias localidades.<\/p>\n\n\n\n<p>La provincia, con el 75% promedio, estuvo al nivel de la Costa Atl\u00e1ntica. Sobre todo Mar del Plata, tambi\u00e9n con el 75%, aunque con un&nbsp;<strong>gasto<\/strong>&nbsp;por d\u00eda y por persona&nbsp;<strong>un poco m\u00e1s bajo que el promedio nacional&nbsp;<\/strong>($89.167).<\/p>\n\n\n\n<p>Incluso el balance del finde XXL dej\u00f3 a Mendoza como l\u00edder en materia de turismo en Cuyo, por encima de San Luis (50%) y San Juan (60%). Ambas provincias vecinas promediaron una estad\u00eda de 2 noches.<\/p>\n\n\n\n<p>Sin embargo, a priori el nivel de reservas mostr\u00f3 que la&nbsp;<strong>ocupaci\u00f3n hotelera<\/strong>&nbsp;durante los feriados de Carnaval alcanz\u00f3 el 90%&nbsp;en hoteles 4 y 5 estrellas.<\/p>\n\n\n\n<p>En destinos como&nbsp;<strong>Gualeguaych\u00fa, Corrientes y Tilcara<\/strong>, las celebraciones multitudinarias de Carnaval atrajeron a miles de turistas y dinamizaron la econom\u00eda local.<\/p>\n\n\n\n<p>&#8220;La actividad mostr\u00f3 una&nbsp;<strong>din\u00e1mica variada<\/strong>, con provincias que superaron las expectativas y otras donde el movimiento se mantuvo en niveles esperados&#8221;, se\u00f1alaron desde CAME.<\/p>\n\n\n\n<h2 class=\"wp-block-heading\">Balance por provincias del turismo en Carnaval<\/h2>\n\n\n\n<p><strong>Mendoza<\/strong><\/p>\n\n\n\n<ul>\n<li>&nbsp;Ocupaci\u00f3n hotelera:&nbsp;<strong>75%<\/strong>.<\/li>\n\n\n\n<li>Estad\u00eda promedio:&nbsp;<strong>3 noches<\/strong>.<\/li>\n\n\n\n<li>Destinos m\u00e1s visitados: Ca\u00f1\u00f3n del Atuel, Valle Grande, El Nihuil y Cacheuta.<\/li>\n\n\n\n<li>M\u00e1s de 200 bodegas recibieron visitantes durante el feriado.<\/li>\n\n\n\n<li>Gasto diario promedio:&nbsp;<strong>$76.000<\/strong>.<\/li>\n<\/ul>\n\n\n\n<p><strong>Entre R\u00edos<\/strong><\/p>\n\n\n\n<ul>\n<li>&nbsp;Ocupaci\u00f3n hotelera: 93%.<\/li>\n\n\n\n<li>Gasto diario por persona: $72.000.<\/li>\n\n\n\n<li>Las lluvias afectaron algunas presentaciones, especialmente en Hasenkamp y Villaguay.<\/li>\n<\/ul>\n\n\n\n<p><strong>Jujuy<\/strong><\/p>\n\n\n\n<ul>\n<li>&nbsp;Ocupaci\u00f3n hotelera: 93%.<\/li>\n\n\n\n<li>Estad\u00eda promedio: 2,6 noches.<\/li>\n\n\n\n<li>Gasto diario\/ persona: $85.000.<\/li>\n\n\n\n<li>Impacto econ\u00f3mico: superior a los $11.000 millones.<\/li>\n<\/ul>\n\n\n\n<p><strong>Tierra del Fuego<\/strong><\/p>\n\n\n\n<ul>\n<li>&nbsp;Ocupaci\u00f3n hotelera: 83%.<\/li>\n\n\n\n<li>Estad\u00eda promedio: 3 d\u00edas.<\/li>\n\n\n\n<li>Gasto diario: $259.000 (incluye hospedaje en base doble, excursiones, comidas y transporte).<\/li>\n<\/ul>\n\n\n\n<p><strong>Provincia de Buenos Aires<\/strong><\/p>\n\n\n\n<ul>\n<li>&nbsp;Afluencia masiva en la Costa Atl\u00e1ntica, con m\u00e1s de 1.000 veh\u00edculos por hora ingresando a los principales balnearios.<\/li>\n\n\n\n<li>Ocupaci\u00f3n hotelera: 75% (Mar del Plata).<\/li>\n\n\n\n<li>Estad\u00eda promedio: 3 d\u00edas.<\/li>\n\n\n\n<li>Gasto diario: $100.000.<\/li>\n<\/ul>\n\n\n\n<p><strong>Ciudad de Buenos Aires<\/strong><\/p>\n\n\n\n<ul>\n<li>&nbsp;Las lluvias afectaron algunos festejos, pero las murgas y comparsas mantuvieron viva la tradici\u00f3n en varios barrios.<\/li>\n\n\n\n<li>Ocupaci\u00f3n hotelera: 70%.<\/li>\n\n\n\n<li>Estad\u00eda promedio: 2,5 d\u00edas.<\/li>\n\n\n\n<li>Gasto diario: $85.000.<\/li>\n<\/ul>\n\n\n\n<p><strong>C\u00f3rdoba<\/strong><\/p>\n\n\n\n<ul>\n<li>&nbsp;Las sierras registraron altos niveles de ocupaci\u00f3n, con Carlos Paz y Capilla del Monte alcanzando el 90%.<\/li>\n\n\n\n<li>Estad\u00eda promedio: 3 a 4 noches.<\/li>\n\n\n\n<li>Gasto diario por persona: $92.000.<\/li>\n<\/ul>\n\n\n\n<p><strong>Corrientes<\/strong><\/p>\n\n\n\n<ul>\n<li>&nbsp;Ocupaci\u00f3n hotelera: 65%.<\/li>\n\n\n\n<li>Estad\u00eda promedio: 2 noches.<\/li>\n\n\n\n<li>Gasto diario por persona: $82.000.<\/li>\n<\/ul>\n\n\n\n<p><strong>San Juan<\/strong><\/p>\n\n\n\n<ul>\n<li>&nbsp;Ocupaci\u00f3n hotelera: 70%.<\/li>\n\n\n\n<li>Estad\u00eda promedio: 2 noches.<\/li>\n\n\n\n<li>Gasto diario por persona: $80.000.<\/li>\n<\/ul>\n\n\n\n<p><strong>Santa Fe<\/strong><\/p>\n\n\n\n<ul>\n<li>&nbsp;Ocupaci\u00f3n hotelera: 60%.<\/li>\n\n\n\n<li>Estad\u00eda promedio: 2 noches.<\/li>\n\n\n\n<li>Gasto diario por persona: $85.000.<\/li>\n<\/ul>\n\n\n\n<p><strong>San Luis<\/strong><\/p>\n\n\n\n<ul>\n<li>&nbsp;Ocupaci\u00f3n hotelera: 50% (60% en Potrero de los Funes).<\/li>\n\n\n\n<li>Estad\u00eda promedio: 2 d\u00edas.<\/li>\n\n\n\n<li>Gasto diario por persona: $73.000.<\/li>\n<\/ul>\n\n\n\n<p><strong>Fuente: www.diariouno.com.ar<\/strong><\/p>\n","protected":false},"excerpt":{"rendered":"<p>El finde XL de&nbsp;Carnaval&nbsp;moviliz\u00f3 a 2,8 millones de turistas por el pa\u00eds.&nbsp;Mendoza, una de las 4 provincias con m\u00e1s&nbsp;ocupaci\u00f3n hotelera, contribuy\u00f3 al alza de&nbsp;7,6% respecto al 2024, seg\u00fan la Confederaci\u00f3n Argentina de la Mediana Empresa (CAME). El impacto econ\u00f3mico total ascendi\u00f3 a&nbsp;$701.064 millones, con un gasto promedio de&nbsp;$89.167 por persona, lo que signific\u00f3 un&nbsp;aumento real [&hellip;]<\/p>\n","protected":false},"author":2,"featured_media":11861,"comment_status":"open","ping_status":"open","sticky":false,"template":"","format":"standard","meta":[],"categories":[64],"tags":[],"_links":{"self":[{"href":"https:\/\/pasaenmendoza.com\/index.php?rest_route=\/wp\/v2\/posts\/11860"}],"collection":[{"href":"https:\/\/pasaenmendoza.com\/index.php?rest_route=\/wp\/v2\/posts"}],"about":[{"href":"https:\/\/pasaenmendoza.com\/index.php?rest_route=\/wp\/v2\/types\/post"}],"author":[{"embeddable":true,"href":"https:\/\/pasaenmendoza.com\/index.php?rest_route=\/wp\/v2\/users\/2"}],"replies":[{"embeddable":true,"href":"https:\/\/pasaenmendoza.com\/index.php?rest_route=%2Fwp%2Fv2%2Fcomments&post=11860"}],"version-history":[{"count":2,"href":"https:\/\/pasaenmendoza.com\/index.php?rest_route=\/wp\/v2\/posts\/11860\/revisions"}],"predecessor-version":[{"id":11866,"href":"https:\/\/pasaenmendoza.com\/index.php?rest_route=\/wp\/v2\/posts\/11860\/revisions\/11866"}],"wp:featuredmedia":[{"embeddable":true,"href":"https:\/\/pasaenmendoza.com\/index.php?rest_route=\/wp\/v2\/media\/11861"}],"wp:attachment":[{"href":"https:\/\/pasaenmendoza.com\/index.php?rest_route=%2Fwp%2Fv2%2Fmedia&parent=11860"}],"wp:term":[{"taxonomy":"category","embeddable":true,"href":"https:\/\/pasaenmendoza.com\/index.php?rest_route=%2Fwp%2Fv2%2Fcategories&post=11860"},{"taxonomy":"post_tag","embeddable":true,"href":"https:\/\/pasaenmendoza.com\/index.php?rest_route=%2Fwp%2Fv2%2Ftags&post=11860"}],"curies":[{"name":"wp","href":"https:\/\/api.w.org\/{rel}","templated":true}]}}