{"id":11867,"date":"2025-03-05T20:27:37","date_gmt":"2025-03-05T19:27:37","guid":{"rendered":"https:\/\/pasaenmendoza.com\/?p=11867"},"modified":"2025-03-05T20:27:38","modified_gmt":"2025-03-05T19:27:38","slug":"el-arco-politico-se-reune-en-vendimia-estos-son-los-funcionarios-nacionales-que-se-esperan-en-mendoza","status":"publish","type":"post","link":"https:\/\/pasaenmendoza.com\/?p=11867","title":{"rendered":"El arco pol\u00edtico se re\u00fane en Vendimia: estos son los funcionarios nacionales que se esperan en Mendoza"},"content":{"rendered":"\n<p>Casa de Gobierno ya tiene el listado definitivo de funcionarios nacionales que confirmaron su presencia en Mendoza para los eventos organizados en el marco de la\u00a0<strong>Fiesta Nacional de la Vendimia<\/strong>. Adem\u00e1s, Presidencia activ\u00f3 el protocolo por la posible visita de Javier Milei.<\/p>\n\n\n\n<p>Gobernadores y funcionarios de alto rango pasar\u00e1n por Mendoza desde este jueves hasta el domingo, d\u00eda en el que se celebrar\u00e1 la&nbsp;<strong>Vendimia Solidaria<\/strong>&nbsp;organizada por Fundaci\u00f3n Grupo Am\u00e9rica.<\/p>\n\n\n\n<p>Ya este martes se sab\u00eda de la presencia de los\u00a0<strong>ministros\u00a0<\/strong>de Econom\u00eda, Luis Caputo; de Seguridad, Patricia Bullrich; de Defensa, Luis Petri; y el Jefe de Gabinete, Guillermo Francos, en actos vendimiales. Mientras que este mi\u00e9rcoles se confirm\u00f3 la de la ministra de Capital Humano,\u00a0<strong>Sandra Pettovello<\/strong>.<\/p>\n\n\n\n<p>Los eventos m\u00e1s relevantes para el arco pol\u00edtico y empresarial que se desarrollar\u00e1n durante&nbsp;<strong>Vendimia&nbsp;<\/strong>incluyen desde el Foro de Inversiones y Negocios, hasta el Acto Central del s\u00e1bado por la noche, pasando por el Desayuno de la COVIAR y el almuerzo de Bodegas de Argentina.<\/p>\n\n\n\n<h2 class=\"wp-block-heading\">Gobernadores y funcionarios en la Vendimia<\/h2>\n\n\n\n<p>Los gobernadores de Neuqu\u00e9n y de Jujuy, Rolando Figueroa y Carlos Sadir, confirmaron su presencia en los&nbsp;<strong>actos vendimiales<\/strong>.<\/p>\n\n\n\n<p>Adem\u00e1s de los ministros del Gabinete de<strong>&nbsp;Javier Milei<\/strong>, tambi\u00e9n se espera al subsecretario de Reformas Estructurales de la Naci\u00f3n, Alejandro Cacace; el vicejefe del Gabinete Interior, Lisandro Catal\u00e1n; y el subsecretario de Relaciones con las Provincias, Carlos Alcides; y el jefe del Estado Mayor de las FF.AA., Carlos Mar\u00eda Allievi.<\/p>\n\n\n\n<p>Tambi\u00e9n estar\u00e1n en diferentes actos de&nbsp;<strong>Vendimia<\/strong>&nbsp;el secretario de Industria y Comercio. Min. Econom\u00eda, Esteban Marzorati; el subsecretario de Articulaci\u00f3n Federal, Mart\u00edn Matzkin; el secretario de Transporte, Franco Mogetta; el director Ejecutivo de ARCA, Juan Alberto Pazo; secretario de Turismo, Deportes y Ambiente, Daniel Scioli; la secretaria de Energ\u00eda, Mar\u00eda Tetamanti; el director General de Aduanas, Jos\u00e9 Andr\u00e9s Velis; y el presidente Provisional del Senado, Bartolom\u00e9 Abdala.<\/p>\n\n\n\n<h2 class=\"wp-block-heading\">Presidencia activ\u00f3 el protocolo por la posible llegada de Javier Milei a la Vendimia<\/h2>\n\n\n\n<p>El presidente Javier Milei est\u00e1 entre los principales invitados a la\u00a0<strong>Fiesta Nacional de la Vendimia<\/strong>. Si bien no est\u00e1 en la lista de confirmados,\u00a0se supo que Presidencia activ\u00f3 el protocolo previo necesario para su posible llegada.<\/p>\n\n\n\n<p>De viajar,&nbsp;<strong>Milei&nbsp;<\/strong>estar\u00eda presente el s\u00e1bado al mediod\u00eda en el Almuerzo de Bodegas de Argentina, y en horas de la noche en el Acto Central.<\/p>\n\n\n\n<p>La invitaci\u00f3n para la participaci\u00f3n del Presidente en la\u00a0<strong>Vendimia\u00a0<\/strong>fue cursada personalmente por el gobernador Alfredo Cornejo durante sus encuentros con la secretaria de Presidencia, Karina Milei, en la feria de miner\u00eda PDAC, en Canad\u00e1.<\/p>\n\n\n\n<p><strong>Fuente: www.diariouno.com.ar<\/strong><\/p>\n","protected":false},"excerpt":{"rendered":"<p>Casa de Gobierno ya tiene el listado definitivo de funcionarios nacionales que confirmaron su presencia en Mendoza para los eventos organizados en el marco de la\u00a0Fiesta Nacional de la Vendimia. Adem\u00e1s, Presidencia activ\u00f3 el protocolo por la posible visita de Javier Milei. Gobernadores y funcionarios de alto rango pasar\u00e1n por Mendoza desde este jueves hasta [&hellip;]<\/p>\n","protected":false},"author":2,"featured_media":11868,"comment_status":"open","ping_status":"open","sticky":false,"template":"","format":"standard","meta":[],"categories":[47],"tags":[],"_links":{"self":[{"href":"https:\/\/pasaenmendoza.com\/index.php?rest_route=\/wp\/v2\/posts\/11867"}],"collection":[{"href":"https:\/\/pasaenmendoza.com\/index.php?rest_route=\/wp\/v2\/posts"}],"about":[{"href":"https:\/\/pasaenmendoza.com\/index.php?rest_route=\/wp\/v2\/types\/post"}],"author":[{"embeddable":true,"href":"https:\/\/pasaenmendoza.com\/index.php?rest_route=\/wp\/v2\/users\/2"}],"replies":[{"embeddable":true,"href":"https:\/\/pasaenmendoza.com\/index.php?rest_route=%2Fwp%2Fv2%2Fcomments&post=11867"}],"version-history":[{"count":1,"href":"https:\/\/pasaenmendoza.com\/index.php?rest_route=\/wp\/v2\/posts\/11867\/revisions"}],"predecessor-version":[{"id":11869,"href":"https:\/\/pasaenmendoza.com\/index.php?rest_route=\/wp\/v2\/posts\/11867\/revisions\/11869"}],"wp:featuredmedia":[{"embeddable":true,"href":"https:\/\/pasaenmendoza.com\/index.php?rest_route=\/wp\/v2\/media\/11868"}],"wp:attachment":[{"href":"https:\/\/pasaenmendoza.com\/index.php?rest_route=%2Fwp%2Fv2%2Fmedia&parent=11867"}],"wp:term":[{"taxonomy":"category","embeddable":true,"href":"https:\/\/pasaenmendoza.com\/index.php?rest_route=%2Fwp%2Fv2%2Fcategories&post=11867"},{"taxonomy":"post_tag","embeddable":true,"href":"https:\/\/pasaenmendoza.com\/index.php?rest_route=%2Fwp%2Fv2%2Ftags&post=11867"}],"curies":[{"name":"wp","href":"https:\/\/api.w.org\/{rel}","templated":true}]}}