{"id":11870,"date":"2025-03-05T20:33:06","date_gmt":"2025-03-05T19:33:06","guid":{"rendered":"https:\/\/pasaenmendoza.com\/?p=11870"},"modified":"2025-03-05T20:33:07","modified_gmt":"2025-03-05T19:33:07","slug":"se-presento-el-clasico-vendimia-copa-canal-siete-en-el-hipodromo-de-mendoza","status":"publish","type":"post","link":"https:\/\/pasaenmendoza.com\/?p=11870","title":{"rendered":"Se present\u00f3 el Cl\u00e1sico Vendimia Copa Canal Siete en el Hip\u00f3dromo de Mendoza"},"content":{"rendered":"\n<p>La gran fiesta del turf mendocino, asociada con la celebraci\u00f3n m\u00e1xima de la provincia, tuvo su inicio oficial este mi\u00e9rcoles al mediod\u00eda en el\u00a0<strong>Hip\u00f3dromo de Mendoza<\/strong>. All\u00ed se present\u00f3 formalmente el<strong>\u00a0Cl\u00e1sico Vendimia Copa Canal 7<\/strong>, a disputarse el domingo.<\/p>\n\n\n\n<p>Esta carrera forma, junto al Cl\u00e1sico Patrono Santiago, la dupla de pruebas m\u00e1s importantes y de tradici\u00f3n de la h\u00edpica local y son de las m\u00e1s importantes del interior del pa\u00eds. La primera edici\u00f3n se corri\u00f3 en 1957 y el ganador fue Koigusa.<\/p>\n\n\n\n<p>El\u00a0<em>Vendimia\u00a0<\/em>se corre a la distancia de 2.200 metros y en esta oportunidad ser\u00e1 la novena prueba de la grilla de 10 y que tendr\u00e1 comienzo a las 10 del domingo.<\/p>\n\n\n\n<h2 class=\"wp-block-heading\">La presentaci\u00f3n del Cl\u00e1sico Vendimia Copa Canal Siete<\/h2>\n\n\n\n<p>En el\u00a0<strong>Hip\u00f3dromo de Mendoza<\/strong>, la mesa de autoridades estuvo integrada por la presidente del Instituto Provincial de Juegos y Casino, Ida L\u00f3pez; el gerente del Hip\u00f3dromo, Pablo Cairo. Las autoridades Dieron la bienvenida a los propietarios presentes e hicieron entrega de los mandiles correspondientes a los caballos participantes.<\/p>\n\n\n\n<p>La Presidenta del Instituto Provincial de Juegos y Casinos, Ida L\u00f3pez, invit\u00f3 a los mendocinos y visitantes a vivir el\u00a0<strong>Cl\u00e1sico Vendimia Copa Canal 7<\/strong>: &#8220;Este domingo esperamos a todo el p\u00fablico mendocino y turistas en general a compartir este gran premio Vendimia Copa Canal 7&#8221;. L\u00f3pez confirm\u00f3 para el domingo la presencia de la Reina y Virreina Nacional de la Vendimia y asegur\u00f3: &#8220;Esta es una de las competencias m\u00e1s importantes del interior. A las 8 se abrir\u00e1n las puertas del Hip\u00f3dromo, y habr\u00e1 10 carreras del primer nivel. Ser\u00e1 una gran jornada del turf argentino&#8221;.<\/p>\n\n\n\n<p>&#8220;La recaudaci\u00f3n de la playa de estacionamiento ir\u00e1 para la asociaci\u00f3n Caciques Rugby Club&#8221;, sum\u00f3 la mandataria a la par que especific\u00f3 que &#8220;la entrada es gratuita para ni\u00f1os y jubilados&#8221;. Por otra parte, Ida L\u00f3pez cont\u00f3 que el inicio de la actividad desde las 10 de la ma\u00f1ana en el Hip\u00f3dromo.<\/p>\n\n\n\n<h2 class=\"wp-block-heading\">La palabra del &#8220;anfitri\u00f3n&#8221; Pablo Cairo<\/h2>\n\n\n\n<p>Pablo Cairo es el gerente del\u00a0<strong>Hip\u00f3dromo de Mendoza<\/strong>\u00a0y encargado de preparar &#8220;la casa&#8221; para la gran celebraci\u00f3n que significa el cl\u00e1sico vendimial.<\/p>\n\n\n\n<p>&#8220;Siempre es un placer presentar el&nbsp;<em>Vendimia&nbsp;<\/em>y trabajar tambi\u00e9n para el Patrono Santiago, a mitad de a\u00f1o. Son fechas claves para el turf mendocino, y es un honor acondicionar el predio de 41 hect\u00e1reas para que la gente pueda asistir y pueda ver verdaderas carreras de caballos&#8221;, dijo Cairo, tambi\u00e9n muy conocido en el ambiente del hockey sobre patines.<\/p>\n\n\n\n<p>&#8220;As\u00ed que estamos muy orgullosos de que esto se siga realizando, y tenemos todo preparado. Estamos ansiosos y esperamos al domingo&#8221;, agreg\u00f3.<\/p>\n\n\n\n<p>Respecto al parque caballar que va a competir en la 9\u00aa carrera del programa de 10, el gerente de\u00a0<em>La Catedral<\/em>\u00a0se\u00f1al\u00f3: &#8220;Siempre hay anotados de afuera, San Juan siempre participa, tengo entendido que tambi\u00e9n hay dos caballos de C\u00f3rdoba, y hay muchos caballos mendocinos que tambi\u00e9n van a poder participar en este evento tan importante. Por eso creo que va a ser un lindo espect\u00e1culo\u201d, concluy\u00f3.<\/p>\n\n\n\n<p><strong>Fuente: www.diariouno.com.ar<\/strong><\/p>\n","protected":false},"excerpt":{"rendered":"<p>La gran fiesta del turf mendocino, asociada con la celebraci\u00f3n m\u00e1xima de la provincia, tuvo su inicio oficial este mi\u00e9rcoles al mediod\u00eda en el\u00a0Hip\u00f3dromo de Mendoza. All\u00ed se present\u00f3 formalmente el\u00a0Cl\u00e1sico Vendimia Copa Canal 7, a disputarse el domingo. Esta carrera forma, junto al Cl\u00e1sico Patrono Santiago, la dupla de pruebas m\u00e1s importantes y de [&hellip;]<\/p>\n","protected":false},"author":2,"featured_media":11871,"comment_status":"open","ping_status":"open","sticky":false,"template":"","format":"standard","meta":[],"categories":[81],"tags":[],"_links":{"self":[{"href":"https:\/\/pasaenmendoza.com\/index.php?rest_route=\/wp\/v2\/posts\/11870"}],"collection":[{"href":"https:\/\/pasaenmendoza.com\/index.php?rest_route=\/wp\/v2\/posts"}],"about":[{"href":"https:\/\/pasaenmendoza.com\/index.php?rest_route=\/wp\/v2\/types\/post"}],"author":[{"embeddable":true,"href":"https:\/\/pasaenmendoza.com\/index.php?rest_route=\/wp\/v2\/users\/2"}],"replies":[{"embeddable":true,"href":"https:\/\/pasaenmendoza.com\/index.php?rest_route=%2Fwp%2Fv2%2Fcomments&post=11870"}],"version-history":[{"count":1,"href":"https:\/\/pasaenmendoza.com\/index.php?rest_route=\/wp\/v2\/posts\/11870\/revisions"}],"predecessor-version":[{"id":11872,"href":"https:\/\/pasaenmendoza.com\/index.php?rest_route=\/wp\/v2\/posts\/11870\/revisions\/11872"}],"wp:featuredmedia":[{"embeddable":true,"href":"https:\/\/pasaenmendoza.com\/index.php?rest_route=\/wp\/v2\/media\/11871"}],"wp:attachment":[{"href":"https:\/\/pasaenmendoza.com\/index.php?rest_route=%2Fwp%2Fv2%2Fmedia&parent=11870"}],"wp:term":[{"taxonomy":"category","embeddable":true,"href":"https:\/\/pasaenmendoza.com\/index.php?rest_route=%2Fwp%2Fv2%2Fcategories&post=11870"},{"taxonomy":"post_tag","embeddable":true,"href":"https:\/\/pasaenmendoza.com\/index.php?rest_route=%2Fwp%2Fv2%2Ftags&post=11870"}],"curies":[{"name":"wp","href":"https:\/\/api.w.org\/{rel}","templated":true}]}}