{"id":11876,"date":"2025-03-05T21:26:01","date_gmt":"2025-03-05T20:26:01","guid":{"rendered":"https:\/\/pasaenmendoza.com\/?p=11876"},"modified":"2025-03-05T21:26:02","modified_gmt":"2025-03-05T20:26:02","slug":"la-fuerte-decision-que-tomo-patricia-bullrich-con-un-hincha-de-godoy-cruz","status":"publish","type":"post","link":"https:\/\/pasaenmendoza.com\/?p=11876","title":{"rendered":"La fuerte decisi\u00f3n que tom\u00f3 Patricia Bullrich con un hincha de Godoy Cruz"},"content":{"rendered":"\n<p>Un hincha de\u00a0<strong>Godoy Cruz\u00a0<\/strong>recibi\u00f3 una dura sanci\u00f3n y\u00a0no podr\u00e1 ir a la cancha durante dos a\u00f1os\u00a0por haber agredido al personal de seguridad\u00a0en la previa de un partido contra River.<\/p>\n\n\n\n<p>La medida fue tomada por el Ministerio de Seguridad de la Naci\u00f3n, a cargo de\u00a0<strong>Patricia Bullrich<\/strong>, que firm\u00f3 la Resoluci\u00f3n 277\/2025 del Bolet\u00edn Oficial de este mi\u00e9rcoles.<\/p>\n\n\n\n<p>El episodio ocurri\u00f3 el 12 de febrero, cuando seg\u00fan detall\u00f3 la Direcci\u00f3n de Planeamiento Operativo del Ministerio de Seguridad y Justicia de Mendoza, el atacante&nbsp;agredi\u00f3 a golpes de pu\u00f1o a un miembro de la seguridad privada en la entrada al Estadio Malvinas Argentinas.<\/p>\n\n\n\n<p>Fue por esto que lo detuvieron y lo trasladaron a la Comisar\u00eda 6\u00aa y se le abri\u00f3 una\u00a0causa penal por lesiones.<\/p>\n\n\n\n<p>Aquel d\u00eda, finalmente se termin\u00f3 llevando a cabo el partido entre Godoy Cruz y River, que termin\u00f3 en empate sin goles.<\/p>\n\n\n\n<p><strong>Fuente: www.mdzol.com<\/strong><\/p>\n","protected":false},"excerpt":{"rendered":"<p>Un hincha de\u00a0Godoy Cruz\u00a0recibi\u00f3 una dura sanci\u00f3n y\u00a0no podr\u00e1 ir a la cancha durante dos a\u00f1os\u00a0por haber agredido al personal de seguridad\u00a0en la previa de un partido contra River. La medida fue tomada por el Ministerio de Seguridad de la Naci\u00f3n, a cargo de\u00a0Patricia Bullrich, que firm\u00f3 la Resoluci\u00f3n 277\/2025 del Bolet\u00edn Oficial de este [&hellip;]<\/p>\n","protected":false},"author":2,"featured_media":11877,"comment_status":"open","ping_status":"open","sticky":false,"template":"","format":"standard","meta":[],"categories":[48],"tags":[],"_links":{"self":[{"href":"https:\/\/pasaenmendoza.com\/index.php?rest_route=\/wp\/v2\/posts\/11876"}],"collection":[{"href":"https:\/\/pasaenmendoza.com\/index.php?rest_route=\/wp\/v2\/posts"}],"about":[{"href":"https:\/\/pasaenmendoza.com\/index.php?rest_route=\/wp\/v2\/types\/post"}],"author":[{"embeddable":true,"href":"https:\/\/pasaenmendoza.com\/index.php?rest_route=\/wp\/v2\/users\/2"}],"replies":[{"embeddable":true,"href":"https:\/\/pasaenmendoza.com\/index.php?rest_route=%2Fwp%2Fv2%2Fcomments&post=11876"}],"version-history":[{"count":1,"href":"https:\/\/pasaenmendoza.com\/index.php?rest_route=\/wp\/v2\/posts\/11876\/revisions"}],"predecessor-version":[{"id":11878,"href":"https:\/\/pasaenmendoza.com\/index.php?rest_route=\/wp\/v2\/posts\/11876\/revisions\/11878"}],"wp:featuredmedia":[{"embeddable":true,"href":"https:\/\/pasaenmendoza.com\/index.php?rest_route=\/wp\/v2\/media\/11877"}],"wp:attachment":[{"href":"https:\/\/pasaenmendoza.com\/index.php?rest_route=%2Fwp%2Fv2%2Fmedia&parent=11876"}],"wp:term":[{"taxonomy":"category","embeddable":true,"href":"https:\/\/pasaenmendoza.com\/index.php?rest_route=%2Fwp%2Fv2%2Fcategories&post=11876"},{"taxonomy":"post_tag","embeddable":true,"href":"https:\/\/pasaenmendoza.com\/index.php?rest_route=%2Fwp%2Fv2%2Ftags&post=11876"}],"curies":[{"name":"wp","href":"https:\/\/api.w.org\/{rel}","templated":true}]}}