{"id":11879,"date":"2025-03-05T22:01:43","date_gmt":"2025-03-05T21:01:43","guid":{"rendered":"https:\/\/pasaenmendoza.com\/?p=11879"},"modified":"2025-03-05T22:01:44","modified_gmt":"2025-03-05T21:01:44","slug":"conmocion-por-la-muerte-de-una-joven-funcionaria-de-lujan","status":"publish","type":"post","link":"https:\/\/pasaenmendoza.com\/?p=11879","title":{"rendered":"Conmoci\u00f3n por la muerte de una joven funcionaria de Luj\u00e1n"},"content":{"rendered":"\n<p>Profundo dolor caus\u00f3 en Luj\u00e1n de Cuyo la&nbsp;<strong>muerte de Julieta Reyes<\/strong>, quien se desempe\u00f1aba como secretaria de Comunicaci\u00f3n, Planificaci\u00f3n y Participaci\u00f3n Ciudadana del municipio.<\/p>\n\n\n\n<p><strong>Julieta Reyes<\/strong>&nbsp;ten\u00eda apenas&nbsp;<strong>29 a\u00f1os&nbsp;<\/strong>(cumplir\u00eda 30 en abril). Allegados contaron al&nbsp;<em>Post<\/em>&nbsp;que recientemente sufri\u00f3 un&nbsp;<strong>derrame masivo<\/strong>&nbsp;que termin\u00f3 en una muerte cerebral y posterior fallecimiento.<\/p>\n\n\n\n<p>Adem\u00e1s del cargo que ten\u00eda actualmente en la gesti\u00f3n del intendente\u00a0<strong>Esteban Allasino<\/strong>, tambi\u00e9n hab\u00eda colaborado y participado en las gestiones anteriores que tuvo el PRO en Luj\u00e1n.<\/p>\n\n\n\n<p>La joven funcionaria estaba seleccionada para una beca en EEUU por la\u00a0<strong>FURP<\/strong>\u00a0(Fundaci\u00f3n Universitaria del R\u00edo de la Plata) y el\u00a0<strong>Departamento de Estado<\/strong>\u00a0de aquel pa\u00eds, al que deb\u00eda viajar en dos semanas.<\/p>\n\n\n\n<p>&#8220;Julieta Reyes se desempe\u00f1\u00f3 en la Jefatura de Gabinete de Luj\u00e1n de Cuyo (2019-2020), y luego como Coordinadora y Directora de Comunicaci\u00f3n Estrat\u00e9gica. Adem\u00e1s, ejerci\u00f3 su rol como docente en WDN Argentina y en la Universidad Siglo 21. Su experiencia incluye la coordinaci\u00f3n de campa\u00f1as a nivel municipal, legislativo en Argentina y presidencial en Bolivia&#8221;, dice el CV publicado en la web del municipio.<\/p>\n\n\n\n<p><strong>Fuente: www.mendozapost.com<\/strong><\/p>\n","protected":false},"excerpt":{"rendered":"<p>Profundo dolor caus\u00f3 en Luj\u00e1n de Cuyo la&nbsp;muerte de Julieta Reyes, quien se desempe\u00f1aba como secretaria de Comunicaci\u00f3n, Planificaci\u00f3n y Participaci\u00f3n Ciudadana del municipio. Julieta Reyes&nbsp;ten\u00eda apenas&nbsp;29 a\u00f1os&nbsp;(cumplir\u00eda 30 en abril). Allegados contaron al&nbsp;Post&nbsp;que recientemente sufri\u00f3 un&nbsp;derrame masivo&nbsp;que termin\u00f3 en una muerte cerebral y posterior fallecimiento. Adem\u00e1s del cargo que ten\u00eda actualmente en la gesti\u00f3n [&hellip;]<\/p>\n","protected":false},"author":2,"featured_media":11880,"comment_status":"open","ping_status":"open","sticky":false,"template":"","format":"standard","meta":[],"categories":[50],"tags":[],"_links":{"self":[{"href":"https:\/\/pasaenmendoza.com\/index.php?rest_route=\/wp\/v2\/posts\/11879"}],"collection":[{"href":"https:\/\/pasaenmendoza.com\/index.php?rest_route=\/wp\/v2\/posts"}],"about":[{"href":"https:\/\/pasaenmendoza.com\/index.php?rest_route=\/wp\/v2\/types\/post"}],"author":[{"embeddable":true,"href":"https:\/\/pasaenmendoza.com\/index.php?rest_route=\/wp\/v2\/users\/2"}],"replies":[{"embeddable":true,"href":"https:\/\/pasaenmendoza.com\/index.php?rest_route=%2Fwp%2Fv2%2Fcomments&post=11879"}],"version-history":[{"count":1,"href":"https:\/\/pasaenmendoza.com\/index.php?rest_route=\/wp\/v2\/posts\/11879\/revisions"}],"predecessor-version":[{"id":11881,"href":"https:\/\/pasaenmendoza.com\/index.php?rest_route=\/wp\/v2\/posts\/11879\/revisions\/11881"}],"wp:featuredmedia":[{"embeddable":true,"href":"https:\/\/pasaenmendoza.com\/index.php?rest_route=\/wp\/v2\/media\/11880"}],"wp:attachment":[{"href":"https:\/\/pasaenmendoza.com\/index.php?rest_route=%2Fwp%2Fv2%2Fmedia&parent=11879"}],"wp:term":[{"taxonomy":"category","embeddable":true,"href":"https:\/\/pasaenmendoza.com\/index.php?rest_route=%2Fwp%2Fv2%2Fcategories&post=11879"},{"taxonomy":"post_tag","embeddable":true,"href":"https:\/\/pasaenmendoza.com\/index.php?rest_route=%2Fwp%2Fv2%2Ftags&post=11879"}],"curies":[{"name":"wp","href":"https:\/\/api.w.org\/{rel}","templated":true}]}}