{"id":1188,"date":"2023-09-05T13:25:21","date_gmt":"2023-09-05T11:25:21","guid":{"rendered":"https:\/\/pasaenmendoza.com\/?p=1188"},"modified":"2023-09-05T13:25:21","modified_gmt":"2023-09-05T11:25:21","slug":"cornejo-va-en-busca-de-buenas-noticias","status":"publish","type":"post","link":"https:\/\/pasaenmendoza.com\/?p=1188","title":{"rendered":"Cornejo va en busca de  buenas noticias."},"content":{"rendered":"\n<p>Tras las derrotas del domingo en los siete departamentos que culminaron su proceso electoral definiendo a los nuevos intendentes que asumir\u00e1n el 10 de diciembre, el oficialismo se prepara para volver al centro de la escena y relanzar la campa\u00f1a por la Gobernaci\u00f3n. Viene de dos golpes duros. El primero se lo asest\u00f3 Javier Milei y su propuesta libertaria, al imponerse en la PASO nacional del 13 de agosto en Mendoza, con cerca de 45 por ciento de los votos, marginando a Patricia Bullrich y a Luis Petri a un segundo, lejano e impensado lugar. El m\u00e1s reciente, el del fin de semana, si bien el Gobierno esperaba caer en general, tanto Alfredo Cornejo como Rodolfo Suarez abrigaban \u2013t\u00edmidamente, es cierto\u2013, una peque\u00f1a esperanza por dar una sorpresa en San Rafael y Maip\u00fa, los dos departamentos en manos del peronismo que se convirtieron en una obsesi\u00f3n a conquistar por un oficialismo provincial que ha venido dominando el clima y el humor pol\u00edtico de la provincia casi sin sobresaltos durante los \u00faltimos ocho a\u00f1os.<\/p>\n\n\n\n<p>La campa\u00f1a no ha sido para nada buena, alcanzando esto a todas las propuestas. Omar De Marchi pareciera estar empantanado sin siquiera haberle podido sacar el jugo a todo ese a\u00f1o de supuesto estudio minucioso y de trabajo sesudo que coordinara durante todo el 2022 seg\u00fan se jactaba, para llevarle a Mendoza una idea superadora sobre los cuatro aspectos fundamentales en los que no se ha ganado nada, o muy poco (econom\u00eda y desarrollo, educaci\u00f3n, infraestructura y vivienda, m\u00e1s conocimiento). Qued\u00f3 entrampado en una lucha en el barro que ha protagonizado su candidato a vice, Daniel Orozco, con toda Cambia Mendoza en Las Heras.<\/p>\n\n\n\n<p>Omar Parisi, con el peronismo a cuesta, nunca pudo convertirse en el aglutinante de la grieta que ha dividido al movimiento entre La C\u00e1mpora y la dirigencia anti-K, entre los que se alinean los principales intendentes de la fuerza.<\/p>\n\n\n\n<p>Y Cornejo, con el desgaste del paso del tiempo, m\u00e1s un gobierno que no arranc\u00f3 y que no logr\u00f3 escaparle a la chatura absoluta en la que se ha movido la Argentina de los \u00faltimos a\u00f1os, ha venido comprobando las dudas y sospechas que siempre ha mantenido con vida en su pensamiento m\u00e1s \u00edntimo: nunca nadie tiene todos los frentes cubiertos y a resguardo, menos en pol\u00edtica y mucho menos en momentos de un clima social tan revuelto y convulso como en el que se est\u00e1 transitando; Milei puede ser un poco el resultado de todo eso.<\/p>\n\n\n\n<p>Pero el oficialismo se est\u00e1 tomando de algunas buenas noticias que le vienen del lado del encuestador en el que m\u00e1s confi\u00f3 Cornejo. Elbio Rodr\u00edguez, de \u00e9l se trata, ha demostrado que una buena medida para tener en cuenta en materia de muestra sobre el gusto electoral es Guaymall\u00e9n. La semana pasada, justo antes del domingo electoral en los siete departamentos, Rodr\u00edguez entreg\u00f3 un informe sobre el voto a gobernador en ese departamento con un Cornejo como el candidato m\u00e1s votado, con el 41 por ciento, seguido, de lejos, por De Marchi, que recibir\u00eda el 21 por ciento de los votos. El peronismo, tercero, con Parisi ara\u00f1ando el 7 por ciento, y Mario Vadillo, por el Partido Verde, con el 5,7 por ciento. Esos n\u00fameros son muy cercanos a los que Rodr\u00edguez revel\u00f3 en la PASO provincial en el mismo departamento: a Cornejo, individualmente, el trabajo le hab\u00eda arrojado 27,6 puntos, mientras que a De Marchi, 19,2 por ciento y a Parisi, s\u00f3lo a \u00e9l, 5,7 por ciento. Sumando los votos de Luis Petri, el espacio oficialista, en esa misma encuesta obten\u00eda 44,9 por ciento y el peronismo en su conjunto o Frente Eleg\u00ed, 13,6 por ciento. Datos parecidos al resultado que terminar\u00eda arrojando, finalmente, la PASO provincial.<\/p>\n\n\n\n<p>Por eso, el oficialismo, en especial, Cornejo, se entusiasma con lo que viene: pasado el hurac\u00e1n Milei y las derrotas en los siete departamentos, y mirando en particular la provincia, los votantes podr\u00edan ratificar en la urna el cr\u00e9dito hacia la actual administraci\u00f3n. Los sondeos, de igual modo, han seguido hacia departamentos clave, como Las Heras y San Mart\u00edn. Y aunque han evitado hacer p\u00fablicos los datos, s\u00ed ha trascendido que, para el oficialismo, se avecina un enfrentamiento muy parejo en Las Heras, con ventaja de Cornejo sobre De Marchi, sin que el candidato de La Uni\u00f3n Mendocina pueda verse beneficiado por su compa\u00f1ero de f\u00f3rmula Daniel Orozco, el actual intendente departamental, y otro aparente triunfo claro en San Mart\u00edn. De confirmarse estas presunciones, a Cornejo le acercan el dato que m\u00e1s lo tranquiliza: una victoria amplia, con un De Marchi que habr\u00eda llegado a su techo, muy cercano a su piso, y un peronismo en ca\u00edda, incluso, ante la amenaza de ser superado por Vadillo, del Verde, quedando relegado a un cuarto lugar.<\/p>\n\n\n\n<p>FUENTE: elsol.com.ar<\/p>\n\n\n\n<p><\/p>\n","protected":false},"excerpt":{"rendered":"<p>Tras las derrotas del domingo en los siete departamentos que culminaron su proceso electoral definiendo a los nuevos intendentes que asumir\u00e1n el 10 de diciembre, el oficialismo se prepara para volver al centro de la escena y relanzar la campa\u00f1a por la Gobernaci\u00f3n. Viene de dos golpes duros. El primero se lo asest\u00f3 Javier Milei [&hellip;]<\/p>\n","protected":false},"author":2,"featured_media":1189,"comment_status":"open","ping_status":"open","sticky":true,"template":"","format":"standard","meta":[],"categories":[47],"tags":[],"_links":{"self":[{"href":"https:\/\/pasaenmendoza.com\/index.php?rest_route=\/wp\/v2\/posts\/1188"}],"collection":[{"href":"https:\/\/pasaenmendoza.com\/index.php?rest_route=\/wp\/v2\/posts"}],"about":[{"href":"https:\/\/pasaenmendoza.com\/index.php?rest_route=\/wp\/v2\/types\/post"}],"author":[{"embeddable":true,"href":"https:\/\/pasaenmendoza.com\/index.php?rest_route=\/wp\/v2\/users\/2"}],"replies":[{"embeddable":true,"href":"https:\/\/pasaenmendoza.com\/index.php?rest_route=%2Fwp%2Fv2%2Fcomments&post=1188"}],"version-history":[{"count":1,"href":"https:\/\/pasaenmendoza.com\/index.php?rest_route=\/wp\/v2\/posts\/1188\/revisions"}],"predecessor-version":[{"id":1190,"href":"https:\/\/pasaenmendoza.com\/index.php?rest_route=\/wp\/v2\/posts\/1188\/revisions\/1190"}],"wp:featuredmedia":[{"embeddable":true,"href":"https:\/\/pasaenmendoza.com\/index.php?rest_route=\/wp\/v2\/media\/1189"}],"wp:attachment":[{"href":"https:\/\/pasaenmendoza.com\/index.php?rest_route=%2Fwp%2Fv2%2Fmedia&parent=1188"}],"wp:term":[{"taxonomy":"category","embeddable":true,"href":"https:\/\/pasaenmendoza.com\/index.php?rest_route=%2Fwp%2Fv2%2Fcategories&post=1188"},{"taxonomy":"post_tag","embeddable":true,"href":"https:\/\/pasaenmendoza.com\/index.php?rest_route=%2Fwp%2Fv2%2Ftags&post=1188"}],"curies":[{"name":"wp","href":"https:\/\/api.w.org\/{rel}","templated":true}]}}