{"id":11882,"date":"2025-03-05T22:12:27","date_gmt":"2025-03-05T21:12:27","guid":{"rendered":"https:\/\/pasaenmendoza.com\/?p=11882"},"modified":"2025-03-05T22:12:28","modified_gmt":"2025-03-05T21:12:28","slug":"fuertes-lluvias-dejaron-intransitable-el-camino-al-canon-del-atuel","status":"publish","type":"post","link":"https:\/\/pasaenmendoza.com\/?p=11882","title":{"rendered":"Fuertes lluvias dejaron intransitable el camino al Ca\u00f1\u00f3n del Atuel"},"content":{"rendered":"\n<p>\u00a0Producto de las\u00a0<strong>fuertes lluvias\u00a0<\/strong>que azotaron el sur provincial en las \u00faltimas horas, se produjeron<strong>\u00a0cortes totales en dos rutas del departamento de San Rafael,<\/strong>\u00a0tras crecidas de r\u00edos y arroyos que cortaron la calzada.<\/p>\n\n\n\n<p>La Direcci\u00f3n Provincial de Vialidad (DPV) inform\u00f3 este mi\u00e9rcoles que\u00a0<strong>las crecidas dejaron intransitables las rutas provinciales 190 y 173, imposibilitando el tr\u00e1nsito hacia el Ca\u00f1\u00f3n del Atuel.<\/strong><\/p>\n\n\n\n<p>Seg\u00fan el reporte de la DPV, se produjo un\u00a0<strong>corte total en la ruta provincial 190, entre las localidades de Punta del Agua y Agua Escondida<\/strong>, donde las crecidas dejaron la ruta en p\u00e9simas condiciones de transitabilidad.<\/p>\n\n\n\n<p><strong>Algo similar ocurri\u00f3 en la ruta 173, que conecta Valle Grande y El Nihuil, provocando un corte total por la crecida de arroyos aluvionales.<\/strong><\/p>\n\n\n\n<p>La maquinaria de la DPV comenzar\u00e1 a trabajar en el arreglo del camino para rehabilitar el tr\u00e1nsito, una vez que mejoren las condiciones clim\u00e1ticas.<\/p>\n\n\n\n<p><strong>Fuente: www.mendozapost.com<\/strong><\/p>\n","protected":false},"excerpt":{"rendered":"<p>\u00a0Producto de las\u00a0fuertes lluvias\u00a0que azotaron el sur provincial en las \u00faltimas horas, se produjeron\u00a0cortes totales en dos rutas del departamento de San Rafael,\u00a0tras crecidas de r\u00edos y arroyos que cortaron la calzada. La Direcci\u00f3n Provincial de Vialidad (DPV) inform\u00f3 este mi\u00e9rcoles que\u00a0las crecidas dejaron intransitables las rutas provinciales 190 y 173, imposibilitando el tr\u00e1nsito hacia [&hellip;]<\/p>\n","protected":false},"author":2,"featured_media":11883,"comment_status":"open","ping_status":"open","sticky":false,"template":"","format":"standard","meta":[],"categories":[50],"tags":[],"_links":{"self":[{"href":"https:\/\/pasaenmendoza.com\/index.php?rest_route=\/wp\/v2\/posts\/11882"}],"collection":[{"href":"https:\/\/pasaenmendoza.com\/index.php?rest_route=\/wp\/v2\/posts"}],"about":[{"href":"https:\/\/pasaenmendoza.com\/index.php?rest_route=\/wp\/v2\/types\/post"}],"author":[{"embeddable":true,"href":"https:\/\/pasaenmendoza.com\/index.php?rest_route=\/wp\/v2\/users\/2"}],"replies":[{"embeddable":true,"href":"https:\/\/pasaenmendoza.com\/index.php?rest_route=%2Fwp%2Fv2%2Fcomments&post=11882"}],"version-history":[{"count":1,"href":"https:\/\/pasaenmendoza.com\/index.php?rest_route=\/wp\/v2\/posts\/11882\/revisions"}],"predecessor-version":[{"id":11884,"href":"https:\/\/pasaenmendoza.com\/index.php?rest_route=\/wp\/v2\/posts\/11882\/revisions\/11884"}],"wp:featuredmedia":[{"embeddable":true,"href":"https:\/\/pasaenmendoza.com\/index.php?rest_route=\/wp\/v2\/media\/11883"}],"wp:attachment":[{"href":"https:\/\/pasaenmendoza.com\/index.php?rest_route=%2Fwp%2Fv2%2Fmedia&parent=11882"}],"wp:term":[{"taxonomy":"category","embeddable":true,"href":"https:\/\/pasaenmendoza.com\/index.php?rest_route=%2Fwp%2Fv2%2Fcategories&post=11882"},{"taxonomy":"post_tag","embeddable":true,"href":"https:\/\/pasaenmendoza.com\/index.php?rest_route=%2Fwp%2Fv2%2Ftags&post=11882"}],"curies":[{"name":"wp","href":"https:\/\/api.w.org\/{rel}","templated":true}]}}