{"id":11885,"date":"2025-03-06T15:59:16","date_gmt":"2025-03-06T14:59:16","guid":{"rendered":"https:\/\/pasaenmendoza.com\/?p=11885"},"modified":"2025-03-06T15:59:17","modified_gmt":"2025-03-06T14:59:17","slug":"a-pocos-dias-de-la-fiesta-de-la-vendimia-asi-luce-el-frank-romero-day","status":"publish","type":"post","link":"https:\/\/pasaenmendoza.com\/?p=11885","title":{"rendered":"A pocos d\u00edas de la Fiesta de la Vendimia, as\u00ed luce el Frank Romero Day"},"content":{"rendered":"\n<p>Durante dos noches, el&nbsp;<strong>teatro griego Frank Romero Day<\/strong>&nbsp;ser\u00e1 el escenario mayor de Mendoza y la casa de la Fiesta Nacional de la Vendimia.<\/p>\n\n\n\n<p>All\u00ed, el espect\u00e1culo&nbsp;<em>Guardiana del vino eterno&nbsp;<\/em>tendr\u00e1 su estreno el s\u00e1bado 8 de marzo, noche durante la cual tambi\u00e9n se har\u00e1n la elecci\u00f3n y la coronaci\u00f3n de la soberana nacional.<\/p>\n\n\n\n<p>Para la siguiente velada, el 9 de marzo, posterior a la puesta en escena del espect\u00e1culo art\u00edstico, como es habitual, actuar\u00e1n m\u00fasicos mendocinos y en el cierre se presentar\u00e1n Soledad y Jorge Rojas.<\/p>\n\n\n\n<p><strong>Fuente: www.elsol.com.ar<\/strong><\/p>\n","protected":false},"excerpt":{"rendered":"<p>Durante dos noches, el&nbsp;teatro griego Frank Romero Day&nbsp;ser\u00e1 el escenario mayor de Mendoza y la casa de la Fiesta Nacional de la Vendimia. All\u00ed, el espect\u00e1culo&nbsp;Guardiana del vino eterno&nbsp;tendr\u00e1 su estreno el s\u00e1bado 8 de marzo, noche durante la cual tambi\u00e9n se har\u00e1n la elecci\u00f3n y la coronaci\u00f3n de la soberana nacional. Para la siguiente [&hellip;]<\/p>\n","protected":false},"author":2,"featured_media":11886,"comment_status":"open","ping_status":"open","sticky":false,"template":"","format":"standard","meta":[],"categories":[74],"tags":[],"_links":{"self":[{"href":"https:\/\/pasaenmendoza.com\/index.php?rest_route=\/wp\/v2\/posts\/11885"}],"collection":[{"href":"https:\/\/pasaenmendoza.com\/index.php?rest_route=\/wp\/v2\/posts"}],"about":[{"href":"https:\/\/pasaenmendoza.com\/index.php?rest_route=\/wp\/v2\/types\/post"}],"author":[{"embeddable":true,"href":"https:\/\/pasaenmendoza.com\/index.php?rest_route=\/wp\/v2\/users\/2"}],"replies":[{"embeddable":true,"href":"https:\/\/pasaenmendoza.com\/index.php?rest_route=%2Fwp%2Fv2%2Fcomments&post=11885"}],"version-history":[{"count":1,"href":"https:\/\/pasaenmendoza.com\/index.php?rest_route=\/wp\/v2\/posts\/11885\/revisions"}],"predecessor-version":[{"id":11887,"href":"https:\/\/pasaenmendoza.com\/index.php?rest_route=\/wp\/v2\/posts\/11885\/revisions\/11887"}],"wp:featuredmedia":[{"embeddable":true,"href":"https:\/\/pasaenmendoza.com\/index.php?rest_route=\/wp\/v2\/media\/11886"}],"wp:attachment":[{"href":"https:\/\/pasaenmendoza.com\/index.php?rest_route=%2Fwp%2Fv2%2Fmedia&parent=11885"}],"wp:term":[{"taxonomy":"category","embeddable":true,"href":"https:\/\/pasaenmendoza.com\/index.php?rest_route=%2Fwp%2Fv2%2Fcategories&post=11885"},{"taxonomy":"post_tag","embeddable":true,"href":"https:\/\/pasaenmendoza.com\/index.php?rest_route=%2Fwp%2Fv2%2Ftags&post=11885"}],"curies":[{"name":"wp","href":"https:\/\/api.w.org\/{rel}","templated":true}]}}