{"id":11889,"date":"2025-03-06T16:18:16","date_gmt":"2025-03-06T15:18:16","guid":{"rendered":"https:\/\/pasaenmendoza.com\/?p=11889"},"modified":"2025-03-06T16:18:17","modified_gmt":"2025-03-06T15:18:17","slug":"continua-el-calor-sofocante-y-sigue-la-alerta-por-tormentas","status":"publish","type":"post","link":"https:\/\/pasaenmendoza.com\/?p=11889","title":{"rendered":"Contin\u00faa el calor sofocante y sigue la alerta por tormentas"},"content":{"rendered":"\n<p>Tras una nueva jornada de&nbsp;<strong>calor, humedad y tormentas en distintas zonas de Mendoza<\/strong>, este jueves tendr\u00e1 lugar una continuidad del panorama de los \u00faltimos d\u00edas.<\/p>\n\n\n\n<p>Seg\u00fan indica el pron\u00f3stico, durante esta jornada estar\u00e1&nbsp;<strong>caluroso con nubosidad variable y tormentas hacia la noche<\/strong>. Adem\u00e1s, se esperan vientos moderados del sudeste.<\/p>\n\n\n\n<p><strong>La m\u00e1xima estar\u00e1 en torno a los 34\u00baC<\/strong>, mientras que se espera una m\u00ednima de 23\u00baC. Durante toda la jornada se har\u00e1 presente un\u00a0<strong>importante porcentaje de humedad<\/strong>, lo que elevar\u00e1 la sensaci\u00f3n t\u00e9rmica.<\/p>\n\n\n\n<p>Para el\u00a0<strong>viernes<\/strong>, en tanto, el pron\u00f3stico prev\u00e9 una jornada parcialmente nublada y ventosa con descenso de la temperatura. Se esperan vientos moderados del sector sur y tormentas aisladas hacia la noche. En tanto que se dar\u00e1 el ingreso de sistema frontal. La<strong>\u00a0m\u00e1xima ser\u00e1 de 29\u00baC y la m\u00ednima, 23\u00baC<\/strong>.<\/p>\n\n\n\n<p>En cuanto al fin de semana, el&nbsp;<strong>s\u00e1bado estar\u00e1 parcialmente nublado con descenso de la temperatura<\/strong>&nbsp;y vientos moderados del sector sur. Se espera un marcado descenso de la temperatura.<strong>&nbsp;La m\u00e1xima ser\u00e1 de 24\u00baC y la m\u00ednima de 18\u00baC<\/strong>.<\/p>\n\n\n\n<p>El\u00a0<strong>domingo<\/strong>, en tanto, estar\u00e1 parcialmente nublado a poco nuboso con ascenso de la temperatura y vientos del sector sur.\u00a0<strong>La m\u00e1xima ser\u00e1 de 27\u00baC y la m\u00ednima de 17\u00baC<\/strong>.<\/p>\n\n\n\n<p><strong>Fuente: www.mendozapost.com<\/strong><\/p>\n","protected":false},"excerpt":{"rendered":"<p>Tras una nueva jornada de&nbsp;calor, humedad y tormentas en distintas zonas de Mendoza, este jueves tendr\u00e1 lugar una continuidad del panorama de los \u00faltimos d\u00edas. Seg\u00fan indica el pron\u00f3stico, durante esta jornada estar\u00e1&nbsp;caluroso con nubosidad variable y tormentas hacia la noche. Adem\u00e1s, se esperan vientos moderados del sudeste. La m\u00e1xima estar\u00e1 en torno a los [&hellip;]<\/p>\n","protected":false},"author":2,"featured_media":11890,"comment_status":"open","ping_status":"open","sticky":false,"template":"","format":"standard","meta":[],"categories":[52],"tags":[],"_links":{"self":[{"href":"https:\/\/pasaenmendoza.com\/index.php?rest_route=\/wp\/v2\/posts\/11889"}],"collection":[{"href":"https:\/\/pasaenmendoza.com\/index.php?rest_route=\/wp\/v2\/posts"}],"about":[{"href":"https:\/\/pasaenmendoza.com\/index.php?rest_route=\/wp\/v2\/types\/post"}],"author":[{"embeddable":true,"href":"https:\/\/pasaenmendoza.com\/index.php?rest_route=\/wp\/v2\/users\/2"}],"replies":[{"embeddable":true,"href":"https:\/\/pasaenmendoza.com\/index.php?rest_route=%2Fwp%2Fv2%2Fcomments&post=11889"}],"version-history":[{"count":1,"href":"https:\/\/pasaenmendoza.com\/index.php?rest_route=\/wp\/v2\/posts\/11889\/revisions"}],"predecessor-version":[{"id":11891,"href":"https:\/\/pasaenmendoza.com\/index.php?rest_route=\/wp\/v2\/posts\/11889\/revisions\/11891"}],"wp:featuredmedia":[{"embeddable":true,"href":"https:\/\/pasaenmendoza.com\/index.php?rest_route=\/wp\/v2\/media\/11890"}],"wp:attachment":[{"href":"https:\/\/pasaenmendoza.com\/index.php?rest_route=%2Fwp%2Fv2%2Fmedia&parent=11889"}],"wp:term":[{"taxonomy":"category","embeddable":true,"href":"https:\/\/pasaenmendoza.com\/index.php?rest_route=%2Fwp%2Fv2%2Fcategories&post=11889"},{"taxonomy":"post_tag","embeddable":true,"href":"https:\/\/pasaenmendoza.com\/index.php?rest_route=%2Fwp%2Fv2%2Ftags&post=11889"}],"curies":[{"name":"wp","href":"https:\/\/api.w.org\/{rel}","templated":true}]}}