{"id":11892,"date":"2025-03-06T16:22:05","date_gmt":"2025-03-06T15:22:05","guid":{"rendered":"https:\/\/pasaenmendoza.com\/?p=11892"},"modified":"2025-03-06T16:22:06","modified_gmt":"2025-03-06T15:22:06","slug":"que-artistas-se-presentaran-en-el-aniversario-de-la-aristides","status":"publish","type":"post","link":"https:\/\/pasaenmendoza.com\/?p=11892","title":{"rendered":"Qu\u00e9 artistas se presentar\u00e1n en el aniversario de la Ar\u00edstides"},"content":{"rendered":"\n<p>&nbsp;Se aproxima el s\u00e9ptimo aniversario de la calle&nbsp;<strong>Ar\u00edstides Villanueva<\/strong>. Gracias a un gran apoyo privado como main sponsors de Andes Origen y Sernova, junto con Banco Galicia, Fernet Branca, Speed, Hotel Mod, Budweiser, A Nation, Territorio Yacopini y Gin Blue, Ciudad de Mendoza festejar\u00e1 este acontecimiento que fusiona cultura, m\u00fasica y gastronom\u00eda.<\/p>\n\n\n\n<p>Este jueves 6 de marzo a partir de las 18, mendocinos y turistas podr\u00e1n disfrutar de dos escenarios con propuestas art\u00edstica distintas: indie y electr\u00f3nica. Nafta, Silvestre y la Naranja y Batos tocar\u00e1n por calle Belgrano y Ar\u00edstides. En tanto, el dj Mariano Mellino, Tom Kosh, B\u00e4da y Emi Allende sonar\u00e1n desde Ar\u00edstides y Huarpes.<\/p>\n\n\n\n<p><strong>Escenario Andes Origen, por Belgrano y Ar\u00edstides<\/strong><\/p>\n\n\n\n<p><strong>18.30 horas &#8211; Batos:<\/strong>\u00a0banda mendocina formada a mediados del 2019 en una juntada de bar. Integrada por Santiago Peralta en voz y sintetizadores, Franco Cordido en guitarras y coros, Nicol\u00e1s Francisco en guitarra teclado y coros, Lucas Jopia en bater\u00eda y coros, y Enzo Malizia en bajo. Caracterizada por su frescura, cancionero de melod\u00edas pegadizas y arreglos cuidados al detalle.<\/p>\n\n\n\n<p><strong>19.30 horas &#8211; Silvestre y la Naranja:<\/strong>&nbsp;banda de rock, indie rock, indie pop, funk, R&amp;B argentina formada en Buenos Aires e integrada desde 2018 por Justo Fern\u00e1ndez Madero (voz y guitarra), Francisco Nicholson (guitarra y coros), Lucas Grasso (bajo y coros) y Fernando Laprida (bater\u00eda).<\/p>\n\n\n\n<p><strong>21 horas &#8211; Nafta:<\/strong>\u00a0banda argentina nacida en 2016. Con un sonido muy cuidado y original esta banda se la puede emparentar en una mezcla de soul, R&amp;B, entre los estilos principales. El l\u00edder de Nafta es Magamo, cantante, guitarrista y compositor. El resto del grupo esta conformado por Abril Olivera y An Espil en coros, Sim\u00f3n G en teclados, Tom\u00e1s S\u00e1nchez en bater\u00eda y Bryan Vainberg en el bajo.<\/p>\n\n\n\n<p><strong>Escenario Sernova, por Huarpes a la altura de la Universidad de Mendoza<\/strong><\/p>\n\n\n\n<p><strong>18.30 horas &#8211; Tom Kosh:<\/strong>\u00a0gran Dj Producer.\u00a0<\/p>\n\n\n\n<p><strong>19.30 horas &#8211; B\u00e4da:<\/strong>\u00a0cantante y DJ argentina nacida en Mendoza. Su estilo musical es afro, org\u00e1nico y melodic house.<\/p>\n\n\n\n<p><strong>20.30 horas &#8211; Emi Allende:<\/strong>\u00a0es uno de los Dj\/Producer de vanguardia en constante crecimiento, nacido en Mendoza. Luego de pasar por la cabina de la mayor\u00eda de los clubes de nuestra provincia, se ha apoderado de la atenci\u00f3n y el amor de todo el p\u00fablico mendocino, gracias a la fusi\u00f3n entre el Techno y los altos bpms de sus Hibryd Sets, generando una experiencia completamente \u00fanica.<\/p>\n\n\n\n<p><strong>22 horas &#8211; Mariano Mellino:<\/strong>\u00a0su pasi\u00f3n por la m\u00fasica melodic house y techno sigue siendo su motor y su deseo constante de hacer felices a las personas en cada presentaci\u00f3n. El artista garantiza un futuro prometedor en la escena musical internacional.<\/p>\n\n\n\n<p>Con la idea de que el p\u00fablico pueda caminar y transitar de manera m\u00e1s c\u00f3moda, se peatonalizar\u00e1 esa arteria, de 18 a 24 horas, mientras que tambi\u00e9n se involucrar\u00e1 a preventores e inspectores de tr\u00e1nsito para fortalecer la seguridad y la integridad de todas las personas que acudan al evento, el cual ser\u00e1 con acceso libre y gratuito.<\/p>\n\n\n\n<p><strong>Fuente: www.mendozapost.com<\/strong><\/p>\n","protected":false},"excerpt":{"rendered":"<p>&nbsp;Se aproxima el s\u00e9ptimo aniversario de la calle&nbsp;Ar\u00edstides Villanueva. Gracias a un gran apoyo privado como main sponsors de Andes Origen y Sernova, junto con Banco Galicia, Fernet Branca, Speed, Hotel Mod, Budweiser, A Nation, Territorio Yacopini y Gin Blue, Ciudad de Mendoza festejar\u00e1 este acontecimiento que fusiona cultura, m\u00fasica y gastronom\u00eda. Este jueves 6 [&hellip;]<\/p>\n","protected":false},"author":2,"featured_media":11893,"comment_status":"open","ping_status":"open","sticky":false,"template":"","format":"standard","meta":[],"categories":[50],"tags":[],"_links":{"self":[{"href":"https:\/\/pasaenmendoza.com\/index.php?rest_route=\/wp\/v2\/posts\/11892"}],"collection":[{"href":"https:\/\/pasaenmendoza.com\/index.php?rest_route=\/wp\/v2\/posts"}],"about":[{"href":"https:\/\/pasaenmendoza.com\/index.php?rest_route=\/wp\/v2\/types\/post"}],"author":[{"embeddable":true,"href":"https:\/\/pasaenmendoza.com\/index.php?rest_route=\/wp\/v2\/users\/2"}],"replies":[{"embeddable":true,"href":"https:\/\/pasaenmendoza.com\/index.php?rest_route=%2Fwp%2Fv2%2Fcomments&post=11892"}],"version-history":[{"count":1,"href":"https:\/\/pasaenmendoza.com\/index.php?rest_route=\/wp\/v2\/posts\/11892\/revisions"}],"predecessor-version":[{"id":11894,"href":"https:\/\/pasaenmendoza.com\/index.php?rest_route=\/wp\/v2\/posts\/11892\/revisions\/11894"}],"wp:featuredmedia":[{"embeddable":true,"href":"https:\/\/pasaenmendoza.com\/index.php?rest_route=\/wp\/v2\/media\/11893"}],"wp:attachment":[{"href":"https:\/\/pasaenmendoza.com\/index.php?rest_route=%2Fwp%2Fv2%2Fmedia&parent=11892"}],"wp:term":[{"taxonomy":"category","embeddable":true,"href":"https:\/\/pasaenmendoza.com\/index.php?rest_route=%2Fwp%2Fv2%2Fcategories&post=11892"},{"taxonomy":"post_tag","embeddable":true,"href":"https:\/\/pasaenmendoza.com\/index.php?rest_route=%2Fwp%2Fv2%2Ftags&post=11892"}],"curies":[{"name":"wp","href":"https:\/\/api.w.org\/{rel}","templated":true}]}}