{"id":11895,"date":"2025-03-06T16:38:05","date_gmt":"2025-03-06T15:38:05","guid":{"rendered":"https:\/\/pasaenmendoza.com\/?p=11895"},"modified":"2025-03-06T16:38:06","modified_gmt":"2025-03-06T15:38:06","slug":"el-gobierno-retomo-un-viejo-anhelo-y-presento-cambios-en-el-unicipio","status":"publish","type":"post","link":"https:\/\/pasaenmendoza.com\/?p=11895","title":{"rendered":"El Gobierno retom\u00f3 un viejo anhelo y present\u00f3 cambios en el UNICIPIO"},"content":{"rendered":"\n<p>En un nuevo intento por mejorar la planificaci\u00f3n territorial y el desarrollo sustentable en el Gran Mendoza y el departamento de Lavalle, el Gobierno de&nbsp;<strong>Alfredo Cornejo<\/strong>&nbsp;decidi\u00f3 modificar la estructura del Consejo de Coordinaci\u00f3n Interjurisdiccional de Pol\u00edticas P\u00fablicas Socio-Ambientales Municipales, m\u00e1s conocido como&nbsp;<strong>UNICIPIO<\/strong>.<\/p>\n\n\n\n<p>A trav\u00e9s del Decreto 333, firmado el 21 de febrero, se estableciero nuevas disposiciones sobre su funcionamiento y dependencias dentro del Ministerio de Gobierno, Infraestructura y Desarrollo Territorial, a cargo de<strong>&nbsp;Natalio Mema.<\/strong><\/p>\n\n\n\n<p>El\u00a0<strong>UNICIPIO\u00a0<\/strong>fue creado en 2016 con el prop\u00f3sito de coordinar pol\u00edticas de desarrollo territorial y medioambiental entre los municipios del Gran Mendoza y Lavalle. Sin embargo, con el paso del tiempo, se detect\u00f3 la necesidad de fortalecer su estructura y funcionamiento para una gesti\u00f3n m\u00e1s eficaz.<\/p>\n\n\n\n<p>Con este nuevo decreto, el organismo pasar\u00e1 a depender de la Direcci\u00f3n de Planificaci\u00f3n del Ministerio de Gobierno. El documento especifica que el consejo tendr\u00e1 como funciones principales la coordinaci\u00f3n de proyectos interjurisdiccionales, el desarrollo de estrategias para una gesti\u00f3n sustentable y la asignaci\u00f3n eficiente de recursos para la ejecuci\u00f3n de obras p\u00fablicas con impacto territorial.<\/p>\n\n\n\n<p>Adem\u00e1s, se buscar\u00e1 fomentar la participaci\u00f3n ciudadana en la planificaci\u00f3n territorial, un aspecto clave para garantizar el consenso en las decisiones. Tambi\u00e9n contar\u00e1 con representantes de diversos organismos provinciales y municipales.<\/p>\n\n\n\n<p>Entre ellos, un representante de la Subsecretar\u00eda de Infraestructura y Desarrollo Territorial, otro de la Agencia Provincial de Ordenamiento Territorial, un delegado de la Subsecretar\u00eda de Ambiente y los intendentes de los municipios involucrados. Estos \u00faltimos, adem\u00e1s de ser vocales del consejo, deber\u00e1n designar a un coordinador t\u00e9cnico para cada jurisdicci\u00f3n.<\/p>\n\n\n\n<p>El director de Planificaci\u00f3n tendr\u00e1 la responsabilidad de coordinar las reuniones y definir la agenda del organismo, adem\u00e1s de presidir las sesiones. Asimismo, se prev\u00e9 que, en casos espec\u00edficos, el consejo pueda convocar a especialistas de organismos nacionales, provinciales o municipales para asesoramiento t\u00e9cnico.<\/p>\n\n\n\n<p>Uno de los puntos m\u00e1s destacados del decreto es la formalizaci\u00f3n de un reglamento interno para el funcionamiento del\u00a0<strong>UNICIPIO<\/strong>, aunque sus decisiones no tendr\u00e1n car\u00e1cter vinculante. Esto permitir\u00e1 un marco normativo m\u00e1s claro y un mayor orden en la toma de decisiones.<\/p>\n\n\n\n<p><strong>Fuente: www.elsol.com.ar<\/strong><\/p>\n","protected":false},"excerpt":{"rendered":"<p>En un nuevo intento por mejorar la planificaci\u00f3n territorial y el desarrollo sustentable en el Gran Mendoza y el departamento de Lavalle, el Gobierno de&nbsp;Alfredo Cornejo&nbsp;decidi\u00f3 modificar la estructura del Consejo de Coordinaci\u00f3n Interjurisdiccional de Pol\u00edticas P\u00fablicas Socio-Ambientales Municipales, m\u00e1s conocido como&nbsp;UNICIPIO. A trav\u00e9s del Decreto 333, firmado el 21 de febrero, se estableciero nuevas [&hellip;]<\/p>\n","protected":false},"author":2,"featured_media":11896,"comment_status":"open","ping_status":"open","sticky":false,"template":"","format":"standard","meta":[],"categories":[47],"tags":[],"_links":{"self":[{"href":"https:\/\/pasaenmendoza.com\/index.php?rest_route=\/wp\/v2\/posts\/11895"}],"collection":[{"href":"https:\/\/pasaenmendoza.com\/index.php?rest_route=\/wp\/v2\/posts"}],"about":[{"href":"https:\/\/pasaenmendoza.com\/index.php?rest_route=\/wp\/v2\/types\/post"}],"author":[{"embeddable":true,"href":"https:\/\/pasaenmendoza.com\/index.php?rest_route=\/wp\/v2\/users\/2"}],"replies":[{"embeddable":true,"href":"https:\/\/pasaenmendoza.com\/index.php?rest_route=%2Fwp%2Fv2%2Fcomments&post=11895"}],"version-history":[{"count":1,"href":"https:\/\/pasaenmendoza.com\/index.php?rest_route=\/wp\/v2\/posts\/11895\/revisions"}],"predecessor-version":[{"id":11897,"href":"https:\/\/pasaenmendoza.com\/index.php?rest_route=\/wp\/v2\/posts\/11895\/revisions\/11897"}],"wp:featuredmedia":[{"embeddable":true,"href":"https:\/\/pasaenmendoza.com\/index.php?rest_route=\/wp\/v2\/media\/11896"}],"wp:attachment":[{"href":"https:\/\/pasaenmendoza.com\/index.php?rest_route=%2Fwp%2Fv2%2Fmedia&parent=11895"}],"wp:term":[{"taxonomy":"category","embeddable":true,"href":"https:\/\/pasaenmendoza.com\/index.php?rest_route=%2Fwp%2Fv2%2Fcategories&post=11895"},{"taxonomy":"post_tag","embeddable":true,"href":"https:\/\/pasaenmendoza.com\/index.php?rest_route=%2Fwp%2Fv2%2Ftags&post=11895"}],"curies":[{"name":"wp","href":"https:\/\/api.w.org\/{rel}","templated":true}]}}