{"id":11898,"date":"2025-03-06T21:49:45","date_gmt":"2025-03-06T20:49:45","guid":{"rendered":"https:\/\/pasaenmendoza.com\/?p=11898"},"modified":"2025-03-06T21:49:46","modified_gmt":"2025-03-06T20:49:46","slug":"por-que-no-aumento-la-curva-de-contagio-de-dengue-en-mendoza-durante-el-2025","status":"publish","type":"post","link":"https:\/\/pasaenmendoza.com\/?p=11898","title":{"rendered":"Por qu\u00e9 no aument\u00f3 la curva de contagio de dengue en Mendoza durante el 2025"},"content":{"rendered":"\n<p>Los casos de&nbsp;<strong>dengue en Mendoza<\/strong>&nbsp;est\u00e1n estabilizados y la situaci\u00f3n se replica a nivel nacional. De acuerdo con el \u00faltimo reporte epidemiol\u00f3gico dado a conocer por el Ministerio de Salud de la provincia, entre julio del 2024 y el 15 de febrero del 2025&nbsp;<strong>se han notificado 1580 casos, de ellos, 11 se confirmaron<\/strong>&nbsp;(9 son aut\u00f3ctonos y 2 importados).<\/p>\n\n\n\n<p>La explosi\u00f3n de contagios en Mendoza, tal como se pronosticaba meses atr\u00e1s, no lleg\u00f3 y las autoridades locales advierten que la falta de crecimiento de la curva tiene que ver con que&nbsp;<strong>\u201clos brotes epidemiol\u00f3gicos de dengue tienen una estacionalidad que se viene repitiendo cada cinco a\u00f1os,<\/strong>&nbsp;aproximadamente, por ello, ese ser\u00eda uno de los motivos por los que los casos han bajado no s\u00f3lo en Mendoza sino en el pa\u00eds\u201d, explic\u00f3&nbsp;<strong>Andrea Falaschi<\/strong>, directora de Epidemiolog\u00eda.<\/p>\n\n\n\n<p>Otro de los factores que incidi\u00f3 en la baja de casos tuvo que ver con lo\u00a0<strong>clim\u00e1tico<\/strong>. \u201cLas temperaturas elevadas, la humedad y las precipitaciones juegan un rol central para la propagaci\u00f3n del mosquito, algo que en Mendoza reci\u00e9n se est\u00e1 observando en este mes, no antes\u201d, asegur\u00f3 la funcionaria.<\/p>\n\n\n\n<p>Asimismo, Falaschi puso \u00e9nfasis en el trabajo coordinado que se ha hecho desde todos los sectores, tanto municipales como provinciales, para eliminar dengue en el periodo interbrote. \u201cClaramente, este a\u00f1o hubo un trabajo m\u00e1s responsable que contribuy\u00f3 para los resultados que observamos hoy\u201d.<\/p>\n\n\n\n<p>Respecto al panorama en Mendoza,&nbsp;<strong>el departamento que registr\u00f3 mayor cantidad de casos confirmados fue Guaymall\u00e9n<\/strong>&nbsp;(5), seguido por Luj\u00e1n de Cuyo, Godoy Cruz y Maip\u00fa, con dos casos cada departamento.<\/p>\n\n\n\n<figure class=\"wp-block-image\"><img decoding=\"async\" src=\"https:\/\/i0.wp.com\/www.elsol.com.ar\/wp-content\/uploads\/2025\/03\/dengue-en-departamentos.png?resize=691%2C586&amp;ssl=1\" alt=\"\" class=\"wp-image-2073330\"\/><\/figure>\n\n\n\n<h2 class=\"wp-block-heading\" id=\"h-el-panorama-de-dengue-a-nivel-nacional\">El panorama de dengue a nivel nacional<\/h2>\n\n\n\n<p>El \u00faltimo informe epidemiol\u00f3gico dado a conocer por el Ministerio de Salud de la Naci\u00f3n, indica que se registraron 951 casos de dengue confirmados hasta la fecha, de los cuales el 910 (96%) no presentaron antecedentes de viaje. La mayor cantidad de contagios se registraron en&nbsp;<strong>Formosa.<\/strong><\/p>\n\n\n\n<p>De los casos sin antecedentes de viaje se confirmaron: 428 en la regi\u00f3n Centro, 9 en Cuyo, 152 en la regi\u00f3n del Noroeste (NOA), 306 en el Noreste (NEA) y 15 en la regi\u00f3n Sur.<\/p>\n\n\n\n<p>En tanto, los 41 casos que s\u00ed presentaron antecedentes de viaje, corresponden a personas que viajaron a Brasil, Cuba, M\u00e9xico, Maldivas, Tailandia, India, Per\u00fa, Paraguay y Colombia.<\/p>\n\n\n\n<p><strong>Fuente: www.elsol.com.ar<\/strong><\/p>\n","protected":false},"excerpt":{"rendered":"<p>Los casos de&nbsp;dengue en Mendoza&nbsp;est\u00e1n estabilizados y la situaci\u00f3n se replica a nivel nacional. De acuerdo con el \u00faltimo reporte epidemiol\u00f3gico dado a conocer por el Ministerio de Salud de la provincia, entre julio del 2024 y el 15 de febrero del 2025&nbsp;se han notificado 1580 casos, de ellos, 11 se confirmaron&nbsp;(9 son aut\u00f3ctonos y [&hellip;]<\/p>\n","protected":false},"author":2,"featured_media":11899,"comment_status":"open","ping_status":"open","sticky":false,"template":"","format":"standard","meta":[],"categories":[58],"tags":[],"_links":{"self":[{"href":"https:\/\/pasaenmendoza.com\/index.php?rest_route=\/wp\/v2\/posts\/11898"}],"collection":[{"href":"https:\/\/pasaenmendoza.com\/index.php?rest_route=\/wp\/v2\/posts"}],"about":[{"href":"https:\/\/pasaenmendoza.com\/index.php?rest_route=\/wp\/v2\/types\/post"}],"author":[{"embeddable":true,"href":"https:\/\/pasaenmendoza.com\/index.php?rest_route=\/wp\/v2\/users\/2"}],"replies":[{"embeddable":true,"href":"https:\/\/pasaenmendoza.com\/index.php?rest_route=%2Fwp%2Fv2%2Fcomments&post=11898"}],"version-history":[{"count":1,"href":"https:\/\/pasaenmendoza.com\/index.php?rest_route=\/wp\/v2\/posts\/11898\/revisions"}],"predecessor-version":[{"id":11900,"href":"https:\/\/pasaenmendoza.com\/index.php?rest_route=\/wp\/v2\/posts\/11898\/revisions\/11900"}],"wp:featuredmedia":[{"embeddable":true,"href":"https:\/\/pasaenmendoza.com\/index.php?rest_route=\/wp\/v2\/media\/11899"}],"wp:attachment":[{"href":"https:\/\/pasaenmendoza.com\/index.php?rest_route=%2Fwp%2Fv2%2Fmedia&parent=11898"}],"wp:term":[{"taxonomy":"category","embeddable":true,"href":"https:\/\/pasaenmendoza.com\/index.php?rest_route=%2Fwp%2Fv2%2Fcategories&post=11898"},{"taxonomy":"post_tag","embeddable":true,"href":"https:\/\/pasaenmendoza.com\/index.php?rest_route=%2Fwp%2Fv2%2Ftags&post=11898"}],"curies":[{"name":"wp","href":"https:\/\/api.w.org\/{rel}","templated":true}]}}