{"id":11901,"date":"2025-03-07T15:30:33","date_gmt":"2025-03-07T14:30:33","guid":{"rendered":"https:\/\/pasaenmendoza.com\/?p=11901"},"modified":"2025-03-07T15:30:35","modified_gmt":"2025-03-07T14:30:35","slug":"la-via-blanca-en-riesgo-por-la-alerta-de-lluvia","status":"publish","type":"post","link":"https:\/\/pasaenmendoza.com\/?p=11901","title":{"rendered":"La V\u00eda Blanca, en riesgo por la alerta de lluvia"},"content":{"rendered":"\n<p>La realizaci\u00f3n de la tradicional<strong>&nbsp;V\u00eda Blanca&nbsp;<\/strong>de las Reinas est\u00e1 en duda debido a las condiciones meteorol\u00f3gicas adversas pronosticadas para este viernes 7 de marzo. El evento, programado para comenzar a las 21, podr\u00eda suspenderse si persiste la amenaza de tormentas.<\/p>\n\n\n\n<p>El subsecretario de Cultura, Diego Gareca, est\u00e1 analizando la situaci\u00f3n junto a Defensa Civil y la decisi\u00f3n final se anunciar\u00e1 al mediod\u00eda.<\/p>\n\n\n\n<p>El recorrido de la V\u00eda Blanca est\u00e1 previsto para iniciar en la intersecci\u00f3n de la avenida San Mart\u00edn y Jos\u00e9 Vicente Zapata, seguir hasta Las Heras, continuar por calle Chile, doblar en Sarmiento y finalizar en la avenida Belgrano.<\/p>\n\n\n\n<p>La V\u00eda Blanca es uno de los eventos m\u00e1s esperados de la Fiesta Nacional de la Vendimia, en el que las reinas departamentales desfilan en carros aleg\u00f3ricos ante miles de espectadores. La incertidumbre clim\u00e1tica ha generado expectativa entre los mendocinos y turistas que esperan la confirmaci\u00f3n oficial sobre su realizaci\u00f3n<\/p>\n\n\n\n<p><strong>Fuente: www.elsol.com.ar<\/strong><\/p>\n","protected":false},"excerpt":{"rendered":"<p>La realizaci\u00f3n de la tradicional&nbsp;V\u00eda Blanca&nbsp;de las Reinas est\u00e1 en duda debido a las condiciones meteorol\u00f3gicas adversas pronosticadas para este viernes 7 de marzo. El evento, programado para comenzar a las 21, podr\u00eda suspenderse si persiste la amenaza de tormentas. El subsecretario de Cultura, Diego Gareca, est\u00e1 analizando la situaci\u00f3n junto a Defensa Civil y [&hellip;]<\/p>\n","protected":false},"author":2,"featured_media":11902,"comment_status":"open","ping_status":"open","sticky":false,"template":"","format":"standard","meta":[],"categories":[50],"tags":[],"_links":{"self":[{"href":"https:\/\/pasaenmendoza.com\/index.php?rest_route=\/wp\/v2\/posts\/11901"}],"collection":[{"href":"https:\/\/pasaenmendoza.com\/index.php?rest_route=\/wp\/v2\/posts"}],"about":[{"href":"https:\/\/pasaenmendoza.com\/index.php?rest_route=\/wp\/v2\/types\/post"}],"author":[{"embeddable":true,"href":"https:\/\/pasaenmendoza.com\/index.php?rest_route=\/wp\/v2\/users\/2"}],"replies":[{"embeddable":true,"href":"https:\/\/pasaenmendoza.com\/index.php?rest_route=%2Fwp%2Fv2%2Fcomments&post=11901"}],"version-history":[{"count":1,"href":"https:\/\/pasaenmendoza.com\/index.php?rest_route=\/wp\/v2\/posts\/11901\/revisions"}],"predecessor-version":[{"id":11903,"href":"https:\/\/pasaenmendoza.com\/index.php?rest_route=\/wp\/v2\/posts\/11901\/revisions\/11903"}],"wp:featuredmedia":[{"embeddable":true,"href":"https:\/\/pasaenmendoza.com\/index.php?rest_route=\/wp\/v2\/media\/11902"}],"wp:attachment":[{"href":"https:\/\/pasaenmendoza.com\/index.php?rest_route=%2Fwp%2Fv2%2Fmedia&parent=11901"}],"wp:term":[{"taxonomy":"category","embeddable":true,"href":"https:\/\/pasaenmendoza.com\/index.php?rest_route=%2Fwp%2Fv2%2Fcategories&post=11901"},{"taxonomy":"post_tag","embeddable":true,"href":"https:\/\/pasaenmendoza.com\/index.php?rest_route=%2Fwp%2Fv2%2Ftags&post=11901"}],"curies":[{"name":"wp","href":"https:\/\/api.w.org\/{rel}","templated":true}]}}