{"id":11904,"date":"2025-03-07T15:36:05","date_gmt":"2025-03-07T14:36:05","guid":{"rendered":"https:\/\/pasaenmendoza.com\/?p=11904"},"modified":"2025-03-07T15:36:06","modified_gmt":"2025-03-07T14:36:06","slug":"guaymallen-cayo-del-techo-y-murio-luego-de-pelear-con-el-dueno-de-la-casa","status":"publish","type":"post","link":"https:\/\/pasaenmendoza.com\/?p=11904","title":{"rendered":"Guaymall\u00e9n: cay\u00f3 del techo y muri\u00f3 luego de pelear con el due\u00f1o de la casa"},"content":{"rendered":"\n<p>Este jueves por la noche, un joven con antecedentes<strong>&nbsp;muri\u00f3<\/strong>&nbsp;cuando ingres\u00f3 a una casa ubicada en calle Guiraldes del departamento de Guaymall\u00e9n y pele\u00f3 con el propietario. El joven ten\u00eda 23 a\u00f1os y contaba con un amplio prontuario por otros hechos delictivos.<\/p>\n\n\n\n<p>El hecho tuvo lugar antes de la medianoche. El joven estaba en el techo de una casa y cay\u00f3 al patio de la misma. Cuando el propietario se alert\u00f3 por lo sucedido comenzaron un forcejeo entre ambos que termin\u00f3 en el ba\u00f1o del interior de dicha vivienda. All\u00ed el sujeto qued\u00f3 reducido, presentando&nbsp;<strong>escoriaciones, golpes y sangrado<\/strong>&nbsp;en distintas partes del cuerpo.<\/p>\n\n\n\n<p>Al lugar arrib\u00f3 el Servicio de Emergencias Coordinado que atendi\u00f3 al herido. Al asistirlo, el mismo comenz\u00f3 a tornarse violento y los m\u00e9dicos tuvieron que colocarle\u00a0<strong>una inyecci\u00f3n<\/strong>\u00a0para calmarlo.<\/p>\n\n\n\n<p>Fuentes policiales del caso manifestaron que el joven habr\u00eda estado&nbsp;<strong>bajo los efectos de las drogas<\/strong>, por lo que se descompens\u00f3 y pese a las maniobras de RCP que le practicaron por casi una hora,&nbsp;<strong>el hombre muri\u00f3.<\/strong><\/p>\n\n\n\n<p>El propietario del domicilio presentaba un golpe en el cuero cabelludo y&nbsp;<strong>qued\u00f3 en calidad de aprehendido<\/strong>&nbsp;a disposici\u00f3n de la Oficina fiscal N \u00b0 1. En el lugar trabaj\u00f3 personal de Polic\u00eda Cient\u00edfica, Grupo TEN y personal de Homicidios.<\/p>\n\n\n\n<p>El joven fallecidopresentaba un extenso prontuario con antecedentes respecto de otros hechos delictivos como: da\u00f1o con el fin de impedir el libre ejercicio de la autoridad en venganza de sus determinaciones,\u00a0<strong>robo simple<\/strong>\u00a0en grado de tentativa,\u00a0<strong>robo\u00a0<\/strong>por el uso de arma, hurto simple en concurso real con violaci\u00f3n de las medidas adoptadas por autoridades (en pandemia),\u00a0<strong>robo\u00a0<\/strong>simple en grado de tentativa y robo simple en concurso real con hurto simple.<\/p>\n\n\n\n<p>Adem\u00e1s, posee<strong>\u00a020 detenciones en comisar\u00edas<\/strong>\u00a0y tuvo dos robos agravados cuando era menor de edad.<\/p>\n\n\n\n<p><strong>Fuente: www.elsol.com.ar<\/strong><\/p>\n","protected":false},"excerpt":{"rendered":"<p>Este jueves por la noche, un joven con antecedentes&nbsp;muri\u00f3&nbsp;cuando ingres\u00f3 a una casa ubicada en calle Guiraldes del departamento de Guaymall\u00e9n y pele\u00f3 con el propietario. El joven ten\u00eda 23 a\u00f1os y contaba con un amplio prontuario por otros hechos delictivos. El hecho tuvo lugar antes de la medianoche. El joven estaba en el techo [&hellip;]<\/p>\n","protected":false},"author":2,"featured_media":11905,"comment_status":"open","ping_status":"open","sticky":false,"template":"","format":"standard","meta":[],"categories":[48],"tags":[],"_links":{"self":[{"href":"https:\/\/pasaenmendoza.com\/index.php?rest_route=\/wp\/v2\/posts\/11904"}],"collection":[{"href":"https:\/\/pasaenmendoza.com\/index.php?rest_route=\/wp\/v2\/posts"}],"about":[{"href":"https:\/\/pasaenmendoza.com\/index.php?rest_route=\/wp\/v2\/types\/post"}],"author":[{"embeddable":true,"href":"https:\/\/pasaenmendoza.com\/index.php?rest_route=\/wp\/v2\/users\/2"}],"replies":[{"embeddable":true,"href":"https:\/\/pasaenmendoza.com\/index.php?rest_route=%2Fwp%2Fv2%2Fcomments&post=11904"}],"version-history":[{"count":1,"href":"https:\/\/pasaenmendoza.com\/index.php?rest_route=\/wp\/v2\/posts\/11904\/revisions"}],"predecessor-version":[{"id":11906,"href":"https:\/\/pasaenmendoza.com\/index.php?rest_route=\/wp\/v2\/posts\/11904\/revisions\/11906"}],"wp:featuredmedia":[{"embeddable":true,"href":"https:\/\/pasaenmendoza.com\/index.php?rest_route=\/wp\/v2\/media\/11905"}],"wp:attachment":[{"href":"https:\/\/pasaenmendoza.com\/index.php?rest_route=%2Fwp%2Fv2%2Fmedia&parent=11904"}],"wp:term":[{"taxonomy":"category","embeddable":true,"href":"https:\/\/pasaenmendoza.com\/index.php?rest_route=%2Fwp%2Fv2%2Fcategories&post=11904"},{"taxonomy":"post_tag","embeddable":true,"href":"https:\/\/pasaenmendoza.com\/index.php?rest_route=%2Fwp%2Fv2%2Ftags&post=11904"}],"curies":[{"name":"wp","href":"https:\/\/api.w.org\/{rel}","templated":true}]}}