{"id":11907,"date":"2025-03-07T15:42:50","date_gmt":"2025-03-07T14:42:50","guid":{"rendered":"https:\/\/pasaenmendoza.com\/?p=11907"},"modified":"2025-03-07T15:42:51","modified_gmt":"2025-03-07T14:42:51","slug":"tormentas-defensa-civil-alerto-por-la-posible-caida-de-granizo-en-el-gran-mendoza","status":"publish","type":"post","link":"https:\/\/pasaenmendoza.com\/?p=11907","title":{"rendered":"Tormentas: Defensa Civil alert\u00f3 por la posible ca\u00edda de granizo en el Gran Mendoza"},"content":{"rendered":"\n<p>En la previa de la V\u00eda Blanca, Defensa Civil emiti\u00f3 una<strong>\u00a0alerta por tormentas y posible ca\u00edda de granizo en Mendoza<\/strong>. Seg\u00fan lo comunicado, persiste la inestabilidad en gran parte de la provincia.<\/p>\n\n\n\n<p>\u201c<em>Se mantiene la inestabilidad con probabilidad de tormentas en Gran Mendoza, Valle de Uco y zona Este.\u00a0<strong>No se descarta ca\u00edda de granizo<\/strong><\/em>\u201c, indicaron.<\/p>\n\n\n\n<p>Adem\u00e1s, se prev\u00e9 un ingreso de frente sur con viento y<strong>\u00a0descenso de la temperatura<\/strong>. Tambi\u00e9n se pronostic\u00f3 viento zonda en la zona en Malarg\u00fce para horas de la tarde.<\/p>\n\n\n\n<p>En lo que respecta al sur de la provincia, contin\u00faan las condiciones de inestabilidad en San Rafael y General Alvear, con posible ca\u00edda de granizo.<\/p>\n\n\n\n<p><strong>Fuente: www.elsol.com.ar<\/strong><\/p>\n","protected":false},"excerpt":{"rendered":"<p>En la previa de la V\u00eda Blanca, Defensa Civil emiti\u00f3 una\u00a0alerta por tormentas y posible ca\u00edda de granizo en Mendoza. Seg\u00fan lo comunicado, persiste la inestabilidad en gran parte de la provincia. \u201cSe mantiene la inestabilidad con probabilidad de tormentas en Gran Mendoza, Valle de Uco y zona Este.\u00a0No se descarta ca\u00edda de granizo\u201c, indicaron. [&hellip;]<\/p>\n","protected":false},"author":2,"featured_media":11908,"comment_status":"open","ping_status":"open","sticky":false,"template":"","format":"standard","meta":[],"categories":[52],"tags":[],"_links":{"self":[{"href":"https:\/\/pasaenmendoza.com\/index.php?rest_route=\/wp\/v2\/posts\/11907"}],"collection":[{"href":"https:\/\/pasaenmendoza.com\/index.php?rest_route=\/wp\/v2\/posts"}],"about":[{"href":"https:\/\/pasaenmendoza.com\/index.php?rest_route=\/wp\/v2\/types\/post"}],"author":[{"embeddable":true,"href":"https:\/\/pasaenmendoza.com\/index.php?rest_route=\/wp\/v2\/users\/2"}],"replies":[{"embeddable":true,"href":"https:\/\/pasaenmendoza.com\/index.php?rest_route=%2Fwp%2Fv2%2Fcomments&post=11907"}],"version-history":[{"count":1,"href":"https:\/\/pasaenmendoza.com\/index.php?rest_route=\/wp\/v2\/posts\/11907\/revisions"}],"predecessor-version":[{"id":11909,"href":"https:\/\/pasaenmendoza.com\/index.php?rest_route=\/wp\/v2\/posts\/11907\/revisions\/11909"}],"wp:featuredmedia":[{"embeddable":true,"href":"https:\/\/pasaenmendoza.com\/index.php?rest_route=\/wp\/v2\/media\/11908"}],"wp:attachment":[{"href":"https:\/\/pasaenmendoza.com\/index.php?rest_route=%2Fwp%2Fv2%2Fmedia&parent=11907"}],"wp:term":[{"taxonomy":"category","embeddable":true,"href":"https:\/\/pasaenmendoza.com\/index.php?rest_route=%2Fwp%2Fv2%2Fcategories&post=11907"},{"taxonomy":"post_tag","embeddable":true,"href":"https:\/\/pasaenmendoza.com\/index.php?rest_route=%2Fwp%2Fv2%2Ftags&post=11907"}],"curies":[{"name":"wp","href":"https:\/\/api.w.org\/{rel}","templated":true}]}}