{"id":11910,"date":"2025-03-07T16:05:43","date_gmt":"2025-03-07T15:05:43","guid":{"rendered":"https:\/\/pasaenmendoza.com\/?p=11910"},"modified":"2025-03-07T16:05:44","modified_gmt":"2025-03-07T15:05:44","slug":"unas-70-mil-personas-celebraron-el-7o-aniversario-de-la-aristides","status":"publish","type":"post","link":"https:\/\/pasaenmendoza.com\/?p=11910","title":{"rendered":"Unas 70 mil personas celebraron el 7\u00ba aniversario de la Ar\u00edstides"},"content":{"rendered":"\n<p>La calle<strong>&nbsp;Ar\u00edstides Villanueva<\/strong>&nbsp;se transform\u00f3 en una verdadera fiesta a cielo abierto, con&nbsp;<strong>m\u00e1s de 70 mil<\/strong>personas, que desde temprano colmaron cada rinc\u00f3n de esta ic\u00f3nica arteria mendocina para celebrar su&nbsp;<strong>s\u00e9ptimo aniversario<\/strong>.&nbsp;<\/p>\n\n\n\n<p><strong>Luces, m\u00fasica y alegr\u00eda<\/strong>\u00a0inundaron el ambiente, donde amigos, parejas y familias se mezclaron en un escenario vibrante, disfrutando de las propuestas de los bares y restaurantes que se sumaron a este espect\u00e1culo \u00fanico acercando sus cartas a la veredas.<\/p>\n\n\n\n<p>Desde los primeros minutos del evento,<strong>&nbsp;la energ\u00eda de los asistentes<\/strong>&nbsp;se hizo sentir con la llegada de grupos que, vestidos con outfits de todos los estilos, recorrieron la calle entre tragos, risas y selfies.&nbsp;<\/p>\n\n\n\n<p>La\u00a0<strong>peatonalizaci\u00f3n de la Ar\u00edstides<\/strong>\u00a0permiti\u00f3 que la gente se mueva con total libertad, disfrutando de cada espacio preparado especialmente para la ocasi\u00f3n y sumergi\u00e9ndose en una\u00a0<strong>experiencia \u00fanica donde la Ciudad y su identidad gastron\u00f3mica y cultural fueron protagonistas<\/strong>.<\/p>\n\n\n\n<p>El&nbsp;<strong>intendente Ulpiano Suarez<\/strong>&nbsp;recorri\u00f3 la arteria celebrando junto a los asistentes y destac\u00f3 el impacto de este evento:&nbsp;<strong>&#8220;La Ar\u00edstides es el coraz\u00f3n de la gastronom\u00eda y el entretenimiento en Mendoza. Hoy somos testigos de c\u00f3mo mendocinos y turistas disfrutan de este espacio con una propuesta que crece cada a\u00f1o, afianz\u00e1ndose como un atractivo imperdible&#8221;<\/strong>.<\/p>\n\n\n\n<p>Asimismo, agreg\u00f3: &#8220;Vemos c\u00f3mo la gente viene y disfruta, en un\u00a0<strong>marco de convivencia de respeto<\/strong>. Adem\u00e1s, con una muy buena propuesta art\u00edstica en los escenarios.\u00a0<strong>Esto es bueno para Mendoza y para la Ciudad<\/strong>, ya que trae aparejado la llegada de turistas de otros lugares del pa\u00eds. El evento va creciendo y se suma gente no solamente de la provincia sino de distintos puntos&#8221;.<\/p>\n\n\n\n<p>Tambi\u00e9n, destac\u00f3: &#8220;Este evento, a su vez, es<strong>\u00a0una fuente de ingreso para todos los locales de la calle<\/strong>. Representa una muy buena agenda para los gastron\u00f3micos de la Ar\u00edstides y para el entorno&#8221;.<\/p>\n\n\n\n<p><strong>M\u00fasica en vivo y dos escenarios imperdibles<\/strong><\/p>\n\n\n\n<p>La celebraci\u00f3n tuvo como epicentro dos\u00a0<strong>escenarios de primer nivel<\/strong>, donde el p\u00fablico\u00a0<strong>cant\u00f3, bail\u00f3 y vibr\u00f3<\/strong>\u00a0al ritmo de bandas y DJ&#8217;s de renombre. Amadeo Inzirillo y Catalina Aragona pusieron su impronta en la animaci\u00f3n del evento, con un ida y vuelta con el p\u00fablico, donde tanto adultos como ni\u00f1os y adolescentes se coparon a participar.<\/p>\n\n\n\n<p><strong>Escenario Andes Origen (Belgrano y Ar\u00edstides)<\/strong><\/p>\n\n\n\n<p><strong>Batos<\/strong>\u00a0abri\u00f3 la jornada con su frescura indie. La entretenida propuesta y el carisma de Santiago Peralta, agitaron a los primeros presentes de la jornada. Los gritos y la euforia de la gente se hizo sentir cuando el protagonista de la banda arroj\u00f3 al p\u00fablico su sombrero y los tent\u00f3 con el refrescante sonido de una lata de Andes Origen.<\/p>\n\n\n\n<p>&nbsp;Tras la apertura de Batos, comenz\u00f3 a sonar la m\u00fasica de&nbsp;<strong>Silvestre y la Naranja<\/strong>. Esta segunda presentaci\u00f3n puso a corear a los presentes con el reconocido estilo indie rock y funk del grupo nacido en Buenos Aires. &#8220;Que felicidad encontrarnos de nuevo en Mendoza, en este lugar tan ic\u00f3nico, la emblem\u00e1tica Ar\u00edstides&#8221;, desliz\u00f3 Justo Fern\u00e1ndez Madero al momento de charlar con el p\u00fablico. Empapada en cada canci\u00f3n, la gente disfrut\u00f3 al ciento por ciento este show, ovacionando a los integrantes de la banda.<\/p>\n\n\n\n<p>Finalmente, este punto se convirti\u00f3 en el escenario de\u00a0<strong>Nafta<\/strong>, la banda m\u00e1s esperada. En un show de alto nivel, con su fusi\u00f3n de soul y R&amp;B, este grupo culmin\u00f3, una noche perfecta ante los ya miles y miles de asistentes, quienes en sinton\u00eda con su ritmo continuaron el festejo.<\/p>\n\n\n\n<p><strong>Escenario Sernova (Huarpes y Universidad de Mendoza)<\/strong><\/p>\n\n\n\n<p>En la otra punta de la Ar\u00edstides,&nbsp;<strong>Tom Kosh&nbsp;<\/strong>hipnotiz\u00f3 a los primeros asistentes. As\u00ed, con un despliegue atrapante de luces y sonido, empez\u00f3 a celebrarse el s\u00e9ptimo aniversario. Luego de esta presentaci\u00f3n,&nbsp;<strong>B\u00e4da<\/strong>, con un estilo musical afro, org\u00e1nico y melodic house, y&nbsp;<strong>Emi Allende<\/strong>, ofreciendo una fusi\u00f3n entre el Techno y los altos bpms de sus Hibryd Sets, mantuvieron la fiesta encendida con sus beats.<\/p>\n\n\n\n<p><strong>Mariano Mellino\u00a0<\/strong>puso el broche de oro a una velada \u00fanica. En el imponente escenario, con una distinguida propuesta visual, compuesta por pantallas y luces, junto a un sonido n\u00edtido y potente, el gran referente de la electr\u00f3nica explot\u00f3 la noche. Due\u00f1o del cierre del evento, fue el encargado de despedir al p\u00fablico con una actuaci\u00f3n de elite.<\/p>\n\n\n\n<p>Los distintos g\u00e9neros musicales, desde&nbsp;<strong>rock indie hasta m\u00fasica electr\u00f3nica<\/strong>, aseguraron una oferta diversa para que cada asistente disfrutara de su estilo favorito en este&nbsp;<strong>evento de acceso libre y gratuito<\/strong>. Estas performances lograron, as\u00ed, que la multitud&nbsp;<strong>se entregara al ritmo<\/strong>, con manos en alto, bailes espont\u00e1neos y una energ\u00eda que convirti\u00f3 esta noche en un&nbsp;<strong>verdadero hito dentro del calendario de eventos de la Ciudad<\/strong>.<\/p>\n\n\n\n<p>Conectando los dos escenarios,<strong>&nbsp;diversos DJ&#8217;s&nbsp;<\/strong>musicalizaron el recorrido de los presentes entre las distintas propuestas en los extremos de la calle Ar\u00edstides. De esta forma, al ritmo de los distintos temas, el p\u00fablico vivi\u00f3 una experiencia completa.<\/p>\n\n\n\n<p>El entretenimiento tambi\u00e9n estuvo a cargo de juegos y sorteos. En el stand de\u00a0<strong>Speed<\/strong>, el p\u00fablico se anim\u00f3 a probar sus destrezas en el b\u00e1squet y boxeo. As\u00ed, entre risas, algunos pudieron demostrar su talento y quedarse con alg\u00fan premio.<\/p>\n\n\n\n<p><strong>Un festejo que refuerza el protagonismo de la Ar\u00edstides<\/strong><\/p>\n\n\n\n<p>El aniversario de la Ar\u00edstides&nbsp;<strong>no s\u00f3lo es una fiesta, sino tambi\u00e9n una demostraci\u00f3n del crecimiento y la consolidaci\u00f3n de la calle como un punto clave en la oferta culinaria y tur\u00edstica de Mendoza<\/strong>. Con m\u00e1s de&nbsp;<strong>70 locales gastron\u00f3micos<\/strong>&nbsp;a lo largo de sus siete cuadras, este ic\u00f3nico corredor se ha convertido en el sitio predilecto para&nbsp;<strong>compartir, disfrutar de la buena comida y vivir experiencias \u00fanicas<\/strong>.<\/p>\n\n\n\n<p>Con una perfecta articulaci\u00f3n entre el sector p\u00fablico y privado, este evento fue sido posible gracias al apoyo de\u00a0<strong>Andes Origen, Sernova, Banco Galicia, Branca, Speed, Budweiser, A Nation, Gin Blue, Territorio Yacopini, Mod Hotels y Localiza Rent a Car<\/strong>, que se sumaron para hacer de esta noche una experiencia inolvidable.<\/p>\n\n\n\n<p>El&nbsp;<strong>s\u00e9ptimo aniversario de la Ar\u00edstides<\/strong>&nbsp;<strong>confirma, de esta forma, el car\u00e1cter vibrante y cultural de la Ciudad de Mendoza<\/strong>, donde la gastronom\u00eda, la m\u00fasica y el entretenimiento se combinan para ofrecer a mendocinos y turistas una&nbsp;<strong>celebraci\u00f3n a la altura de los grandes eventos urbanos del pa\u00eds<\/strong>.<\/p>\n\n\n\n<p><strong>Un evento seguro y cubierto<\/strong><\/p>\n\n\n\n<p><strong>Personal de preventores y de tr\u00e1nsito<\/strong>\u00a0de la Ciudad de Mendoza destacaron con sus funciones en el aniversario de la Ar\u00edstides. A cargo de la seguridad y orden, los agentes municipales estuvieron distribuidos en sitios estrat\u00e9gicos para que el evento se desarrollara con absoluta comodidad.<\/p>\n\n\n\n<p>Asimismo, a lo largo de la calle se ubicaron<strong>\u00a0puntos de hidrataci\u00f3n<\/strong>, brindando a los presentes este servicio en una noche colmada de personas. Adem\u00e1s,\u00a0<strong>Vuelo Controlado<\/strong>\u00a0dijo presente, la fundaci\u00f3n que se presenta en fiestas y busca reducir los riesgos asociados a todo consumo.<\/p>\n\n\n\n<p><strong>Fuente: www.mendozapost.com<\/strong><\/p>\n","protected":false},"excerpt":{"rendered":"<p>La calle&nbsp;Ar\u00edstides Villanueva&nbsp;se transform\u00f3 en una verdadera fiesta a cielo abierto, con&nbsp;m\u00e1s de 70 milpersonas, que desde temprano colmaron cada rinc\u00f3n de esta ic\u00f3nica arteria mendocina para celebrar su&nbsp;s\u00e9ptimo aniversario.&nbsp; Luces, m\u00fasica y alegr\u00eda\u00a0inundaron el ambiente, donde amigos, parejas y familias se mezclaron en un escenario vibrante, disfrutando de las propuestas de los bares y [&hellip;]<\/p>\n","protected":false},"author":2,"featured_media":11911,"comment_status":"open","ping_status":"open","sticky":false,"template":"","format":"standard","meta":[],"categories":[50],"tags":[],"_links":{"self":[{"href":"https:\/\/pasaenmendoza.com\/index.php?rest_route=\/wp\/v2\/posts\/11910"}],"collection":[{"href":"https:\/\/pasaenmendoza.com\/index.php?rest_route=\/wp\/v2\/posts"}],"about":[{"href":"https:\/\/pasaenmendoza.com\/index.php?rest_route=\/wp\/v2\/types\/post"}],"author":[{"embeddable":true,"href":"https:\/\/pasaenmendoza.com\/index.php?rest_route=\/wp\/v2\/users\/2"}],"replies":[{"embeddable":true,"href":"https:\/\/pasaenmendoza.com\/index.php?rest_route=%2Fwp%2Fv2%2Fcomments&post=11910"}],"version-history":[{"count":1,"href":"https:\/\/pasaenmendoza.com\/index.php?rest_route=\/wp\/v2\/posts\/11910\/revisions"}],"predecessor-version":[{"id":11912,"href":"https:\/\/pasaenmendoza.com\/index.php?rest_route=\/wp\/v2\/posts\/11910\/revisions\/11912"}],"wp:featuredmedia":[{"embeddable":true,"href":"https:\/\/pasaenmendoza.com\/index.php?rest_route=\/wp\/v2\/media\/11911"}],"wp:attachment":[{"href":"https:\/\/pasaenmendoza.com\/index.php?rest_route=%2Fwp%2Fv2%2Fmedia&parent=11910"}],"wp:term":[{"taxonomy":"category","embeddable":true,"href":"https:\/\/pasaenmendoza.com\/index.php?rest_route=%2Fwp%2Fv2%2Fcategories&post=11910"},{"taxonomy":"post_tag","embeddable":true,"href":"https:\/\/pasaenmendoza.com\/index.php?rest_route=%2Fwp%2Fv2%2Ftags&post=11910"}],"curies":[{"name":"wp","href":"https:\/\/api.w.org\/{rel}","templated":true}]}}