{"id":11919,"date":"2025-03-07T22:39:53","date_gmt":"2025-03-07T21:39:53","guid":{"rendered":"https:\/\/pasaenmendoza.com\/?p=11919"},"modified":"2025-03-07T22:39:54","modified_gmt":"2025-03-07T21:39:54","slug":"vargas-arizu-confirmo-asistencia-por-el-granizo-que-afecto-a-productores-del-este-y-sur","status":"publish","type":"post","link":"https:\/\/pasaenmendoza.com\/?p=11919","title":{"rendered":"Vargas Arizu confirm\u00f3 asistencia por el granizo que afect\u00f3 a productores del Este y Sur"},"content":{"rendered":"\n<p>Las \u00faltimas tormentas de\u00a0<strong>granizo<\/strong>\u00a0provocaron grandes p\u00e9rdidas en dos oasis productivos de Mendoza, al Sur y a la zona Este. Al respecto, el ministro de Producci\u00f3n\u00a0<strong>Rodolfo Vargas Arizu<\/strong>\u00a0asegur\u00f3 este viernes que se activ\u00f3 la\u00a0<strong>asistencia a productores<\/strong>\u00a0que ya no podr\u00e1n cosechar.<\/p>\n\n\n\n<p>Hay tres lugares donde el meteoro golpe\u00f3 fuerte:\u00a0<strong>Real del Padre<\/strong>, en San Rafael, y el distrito\u00a0<strong>La Dormida<\/strong>, en Santa Rosa. A ellos se sum\u00f3 la intensa\u00a0tormenta de granizo que sufrieron los productores de Jun\u00edn\u00a0el \u00faltimo mi\u00e9rcoles, incluso con vientos huracanados.<\/p>\n\n\n\n<p>Seg\u00fan el ministro &#8220;han sido tormentas muy complicadas, con n\u00facleos a m\u00e1s de 17 mil metros de altitud. El sistema de\u00a0<strong>asistencia ya est\u00e1 en marcha<\/strong>\u00a0y se lo hemos comunicado a los productores&#8221;.<\/p>\n\n\n\n<p>En referencia al sistema de lucha antigranizo que se discontinu\u00f3 esta temporada, Vargas Arizu remarc\u00f3 que &#8220;<strong>no hacemos prevenci\u00f3n de tormentas<\/strong>. Donde est\u00e1 el problema, buscamos la soluci\u00f3n&#8221;.<\/p>\n\n\n\n<h2 class=\"wp-block-heading\">&#8220;El seguro agr\u00edcola es como el del auto&#8221;<\/h2>\n\n\n\n<p>Para esta temporada, 3.800 productores de distintos puntos de la provincia adhirieron al&nbsp;<strong>Fondo Compensador Agr\u00edcola<\/strong>, que solventa el seguro por da\u00f1os.<\/p>\n\n\n\n<p>Justamente es una de las dos patas que el Gobierno mantiene frente al&nbsp;<strong>granizo<\/strong>&nbsp;como una forma de reponer al productor que sufri\u00f3 p\u00e9rdidas del 50% o m\u00e1s. La restante es el financiamiento para colocar malla antigranizo como protecci\u00f3n de cultivos.<\/p>\n\n\n\n<p>&#8220;Antes eran muchos menos. Creo que est\u00e1n entendiendo. Les sugiero que adhieran al Fondo: debe incluirse como un costo, con el combustible, mano de obra y alambre, es la forma de permanecer en el sistema. Es&nbsp;<strong>como el seguro del auto<\/strong>&#8220;, se\u00f1al\u00f3.<\/p>\n\n\n\n<h2 class=\"wp-block-heading\">Del cambio clim\u00e1tico a las protestas en Vendimia<\/h2>\n\n\n\n<p>Sin embargo, el ministro de Producci\u00f3n dej\u00f3 una reflexi\u00f3n sobre la situaci\u00f3n meteorol\u00f3gica que afecta a la provincia.<\/p>\n\n\n\n<p>En tal sentido, advirti\u00f3 que &#8220;el&nbsp;<strong>cambio clim\u00e1tico<\/strong>&nbsp;est\u00e1 llegando, se puede ver con lo ocurrido en Bah\u00eda Blanca&#8221;, en una opini\u00f3n contraria a la del propio presidente Milei, que m\u00e1s de una vez neg\u00f3 la tendencia.<\/p>\n\n\n\n<p>Con todo, consider\u00f3 que la relaci\u00f3n del Gobierno con los<strong>&nbsp;productores<\/strong>&nbsp;es buena, al punto de prever que, a diferencia de otras, la Fiesta de la Vendimia no ser\u00e1 caja de resonancia de reclamos del sector.<\/p>\n\n\n\n<p>&#8220;Hemos viajado a los departamentos para reunirnos con todos varias veces. Tenemos di\u00e1logo con productores e intendentes, por eso no existe necesidad de que haya\u00a0<strong>marchas<\/strong>\u00a0durante la Fiesta de la Vendimia&#8221;, aventur\u00f3 Vargas Arizu.<\/p>\n\n\n\n<p><strong>Fuente: www.diariouno.com.ar<\/strong><\/p>\n","protected":false},"excerpt":{"rendered":"<p>Las \u00faltimas tormentas de\u00a0granizo\u00a0provocaron grandes p\u00e9rdidas en dos oasis productivos de Mendoza, al Sur y a la zona Este. Al respecto, el ministro de Producci\u00f3n\u00a0Rodolfo Vargas Arizu\u00a0asegur\u00f3 este viernes que se activ\u00f3 la\u00a0asistencia a productores\u00a0que ya no podr\u00e1n cosechar. Hay tres lugares donde el meteoro golpe\u00f3 fuerte:\u00a0Real del Padre, en San Rafael, y el distrito\u00a0La [&hellip;]<\/p>\n","protected":false},"author":2,"featured_media":11920,"comment_status":"open","ping_status":"open","sticky":false,"template":"","format":"standard","meta":[],"categories":[47],"tags":[],"_links":{"self":[{"href":"https:\/\/pasaenmendoza.com\/index.php?rest_route=\/wp\/v2\/posts\/11919"}],"collection":[{"href":"https:\/\/pasaenmendoza.com\/index.php?rest_route=\/wp\/v2\/posts"}],"about":[{"href":"https:\/\/pasaenmendoza.com\/index.php?rest_route=\/wp\/v2\/types\/post"}],"author":[{"embeddable":true,"href":"https:\/\/pasaenmendoza.com\/index.php?rest_route=\/wp\/v2\/users\/2"}],"replies":[{"embeddable":true,"href":"https:\/\/pasaenmendoza.com\/index.php?rest_route=%2Fwp%2Fv2%2Fcomments&post=11919"}],"version-history":[{"count":1,"href":"https:\/\/pasaenmendoza.com\/index.php?rest_route=\/wp\/v2\/posts\/11919\/revisions"}],"predecessor-version":[{"id":11921,"href":"https:\/\/pasaenmendoza.com\/index.php?rest_route=\/wp\/v2\/posts\/11919\/revisions\/11921"}],"wp:featuredmedia":[{"embeddable":true,"href":"https:\/\/pasaenmendoza.com\/index.php?rest_route=\/wp\/v2\/media\/11920"}],"wp:attachment":[{"href":"https:\/\/pasaenmendoza.com\/index.php?rest_route=%2Fwp%2Fv2%2Fmedia&parent=11919"}],"wp:term":[{"taxonomy":"category","embeddable":true,"href":"https:\/\/pasaenmendoza.com\/index.php?rest_route=%2Fwp%2Fv2%2Fcategories&post=11919"},{"taxonomy":"post_tag","embeddable":true,"href":"https:\/\/pasaenmendoza.com\/index.php?rest_route=%2Fwp%2Fv2%2Ftags&post=11919"}],"curies":[{"name":"wp","href":"https:\/\/api.w.org\/{rel}","templated":true}]}}