{"id":11923,"date":"2025-03-07T22:47:33","date_gmt":"2025-03-07T21:47:33","guid":{"rendered":"https:\/\/pasaenmendoza.com\/?p=11923"},"modified":"2025-03-07T22:47:34","modified_gmt":"2025-03-07T21:47:34","slug":"javier-milei-se-bajo-del-acto-central-y-del-almuerzo-bodeguero-por-las-muertes-en-bahia-blanca","status":"publish","type":"post","link":"https:\/\/pasaenmendoza.com\/?p=11923","title":{"rendered":"Javier Milei se baj\u00f3 del Acto Central y del almuerzo bodeguero por las muertes en Bah\u00eda Blanca"},"content":{"rendered":"\n<p><strong>Javier Milei\u00a0<\/strong>hab\u00eda confirmado su presencia este s\u00e1bado para la\u00a0<strong>Vendimia 2025<\/strong>. Se iba a reunir con bodegueros, empresarios y funcionarios en el almuerzo de Bodegas de Argentina ya que hab\u00eda\u00a0suspendido su participaci\u00f3n en el Acto Central por la muerte de al menos 6 personas en Bah\u00eda Blanca a ra\u00edz del fuerte temporal.\u00a0Finalmente decidi\u00f3 no viajar a Mendoza.<\/p>\n\n\n\n<p>As\u00ed lo confirmaron, este viernes a la tarde desde Casa de Gobierno atentos a los posibles cambios de agenda de presidencia como consecuencia de la feroz tormenta en la ciudad de Buenos Aires. &#8220;No hay clima para celebrar&#8221;, argumentaron.<\/p>\n\n\n\n<p>El propio gobernador\u00a0<strong>Alfredo Cornejo\u00a0<\/strong>explic\u00f3 las razones de la ausencia del Presidente en los festejos vendimiales: &#8220;Por razones de p\u00fablico conocimiento, el presidente @JMilei cancel\u00f3 su agenda y no podr\u00e1 acompa\u00f1arnos en los eventos de la Vendimia. Sabemos que su intenci\u00f3n era venir en esta fecha tan importante para los mendocinos, pero entendemos que la urgencia de la situaci\u00f3n que se est\u00e1 viviendo por las<strong>\u00a0inundaciones<\/strong>\u00a0requiere de su presencia para ponerse al frente de la coordinaci\u00f3n de todos los ministerios que trabajan para ayudar a los\u00a0<strong>damnificados<\/strong>&#8220;.<\/p>\n\n\n\n<p>Este jueves el equipo de seguridad de Casa Rosada hab\u00eda estado recorriendo el anfiteatro Frank Romero Day para tener un detalle de c\u00f3mo ser\u00eda el recorrido que har\u00eda el primer mandatario, el ingreso, el lugar que tendr\u00eda en el palco de autoridades y c\u00f3mo ser\u00eda la salida. Pero todo qued\u00f3 postergado por las&nbsp;<strong>v\u00edctimas fatales&nbsp;<\/strong>y los centenares de evacuados en<strong>&nbsp;Bah\u00eda Blanca<\/strong>.<\/p>\n\n\n\n<h2 class=\"wp-block-heading\">C\u00f3mo iba a ser el recorrido de Javier Milei en la Vendimia<\/h2>\n\n\n\n<p>En principio, su primera visita en&nbsp;<strong>Vendimia<\/strong>&nbsp;iba a comenzar al mediod\u00eda de este s\u00e1bado con su arribo a la Cuarta Brigada A\u00e9rea acompa\u00f1ado de su hermana Karina Milei y del presidente de la C\u00e1mara de Diputados, Mart\u00edn Menem. Estaba previsto que fuera directo al&nbsp;<strong>Espacio Arizu<\/strong>, en donde se har\u00e1 el encuentro bodeguero.<\/p>\n\n\n\n<p>All\u00ed dar\u00eda un breve discurso ante los empresarios de la&nbsp;<strong>vitivinicultura<\/strong>&nbsp;de todo el pa\u00eds.<\/p>\n\n\n\n<p>Hay que recordar que la visita presidencial hab\u00eda surgido por la invitaci\u00f3n que el gobernador\u00a0<strong>Alfredo Cornejo<\/strong>\u00a0le hizo a la hermana del Presidente, Karina Milei, cuando ambos participaban de la feria minera de la PDAC en Canad\u00e1.<\/p>\n\n\n\n<p>De hecho, el acercamiento pol\u00edtico creci\u00f3 tanto en las \u00faltimas horas que el mismo Cornejo y el ministro de Econom\u00eda,&nbsp;<strong>Luis Caputo<\/strong>&nbsp;no pararon de tirarse mutuos elogios en el sexto Foro de Inversiones y Negocios del que particip\u00f3 el funcionario estrella de la gesti\u00f3n de Milei.<\/p>\n\n\n\n<p>Por si hiciera falta recordarlo, Cornejo marc\u00f3 que no lo ruborizaba afirmar que desde un principio apoy\u00f3 la gesti\u00f3n del presidente<strong>\u00a0Javier Milei<\/strong>, sobre todo consciente de que tendr\u00eda debilidades en cuanto a la cantidad de representantes en el Congreso, para lo que necesitaba del respaldo de los sectores dialoguistas entre los que se enlista el gobernador.<\/p>\n\n\n\n<p><strong>Fuente: www.diariouno.com.ar<\/strong><\/p>\n","protected":false},"excerpt":{"rendered":"<p>Javier Milei\u00a0hab\u00eda confirmado su presencia este s\u00e1bado para la\u00a0Vendimia 2025. Se iba a reunir con bodegueros, empresarios y funcionarios en el almuerzo de Bodegas de Argentina ya que hab\u00eda\u00a0suspendido su participaci\u00f3n en el Acto Central por la muerte de al menos 6 personas en Bah\u00eda Blanca a ra\u00edz del fuerte temporal.\u00a0Finalmente decidi\u00f3 no viajar a [&hellip;]<\/p>\n","protected":false},"author":2,"featured_media":11924,"comment_status":"open","ping_status":"open","sticky":false,"template":"","format":"standard","meta":[],"categories":[47],"tags":[],"_links":{"self":[{"href":"https:\/\/pasaenmendoza.com\/index.php?rest_route=\/wp\/v2\/posts\/11923"}],"collection":[{"href":"https:\/\/pasaenmendoza.com\/index.php?rest_route=\/wp\/v2\/posts"}],"about":[{"href":"https:\/\/pasaenmendoza.com\/index.php?rest_route=\/wp\/v2\/types\/post"}],"author":[{"embeddable":true,"href":"https:\/\/pasaenmendoza.com\/index.php?rest_route=\/wp\/v2\/users\/2"}],"replies":[{"embeddable":true,"href":"https:\/\/pasaenmendoza.com\/index.php?rest_route=%2Fwp%2Fv2%2Fcomments&post=11923"}],"version-history":[{"count":1,"href":"https:\/\/pasaenmendoza.com\/index.php?rest_route=\/wp\/v2\/posts\/11923\/revisions"}],"predecessor-version":[{"id":11925,"href":"https:\/\/pasaenmendoza.com\/index.php?rest_route=\/wp\/v2\/posts\/11923\/revisions\/11925"}],"wp:featuredmedia":[{"embeddable":true,"href":"https:\/\/pasaenmendoza.com\/index.php?rest_route=\/wp\/v2\/media\/11924"}],"wp:attachment":[{"href":"https:\/\/pasaenmendoza.com\/index.php?rest_route=%2Fwp%2Fv2%2Fmedia&parent=11923"}],"wp:term":[{"taxonomy":"category","embeddable":true,"href":"https:\/\/pasaenmendoza.com\/index.php?rest_route=%2Fwp%2Fv2%2Fcategories&post=11923"},{"taxonomy":"post_tag","embeddable":true,"href":"https:\/\/pasaenmendoza.com\/index.php?rest_route=%2Fwp%2Fv2%2Ftags&post=11923"}],"curies":[{"name":"wp","href":"https:\/\/api.w.org\/{rel}","templated":true}]}}