{"id":11929,"date":"2025-03-10T14:06:41","date_gmt":"2025-03-10T13:06:41","guid":{"rendered":"https:\/\/pasaenmendoza.com\/?p=11929"},"modified":"2025-03-10T14:06:42","modified_gmt":"2025-03-10T13:06:42","slug":"asi-funcionara-la-aduana-que-controlara-mendoza","status":"publish","type":"post","link":"https:\/\/pasaenmendoza.com\/?p=11929","title":{"rendered":"As\u00ed funcionar\u00e1 la Aduana que controlar\u00e1 Mendoza"},"content":{"rendered":"\n<p>Como hab\u00eda anticipado el gobernador\u00a0Alfredo Cornejo\u00a0junto al director del ARCA, Juan Pazo, este lunes el Gobierno Nacional oficializ\u00f3 la creaci\u00f3n de la\u00a0<strong>Direcci\u00f3n Regional Aduanera Cuyo<\/strong>, lo que dejar\u00e1 el control aduanero de la regi\u00f3n en manos de Mendoza.<\/p>\n\n\n\n<p>La estructura est\u00e1 contendida dentro de la Agencia de Recaudaci\u00f3n y Control Aduanero (ARCA), y abarcar\u00e1 Mendoza, San Juan, San Luis y San Rafael, centralizando la gesti\u00f3n y supervisi\u00f3n de los procedimientos operativos. La sede estar\u00e1 en nuestra provincia.<\/p>\n\n\n\n<p>Seg\u00fan la disposici\u00f3n, que sali\u00f3 publicada este lunes en el Bolet\u00edn Oficial, la iniciativa responde a un crecimiento en las exportaciones y el tr\u00e1fico de mercader\u00edas en la regi\u00f3n. &#8220;En 2024, el comercio exterior de la provincia alcanz\u00f3 los 1.648 millones de d\u00f3lares, con un crecimiento del 14%&#8221;, hab\u00eda especificado Pazo el pasado viernes, cuando estuvo en Mendoza junto al Gobernador.<\/p>\n\n\n\n<p>De esta manera,\u00a0<strong>Mendoza dejar\u00e1 de depender de la regional cordobesa<\/strong>. La\u00a0<strong>Direcci\u00f3n Regional Aduanera Cuyo<\/strong>\u00a0tendr\u00e1 como principales funciones la fiscalizaci\u00f3n de operaciones comerciales, la prevenci\u00f3n del contrabando y la optimizaci\u00f3n de los tiempos de control en los pasos fronterizos. Adem\u00e1s, se prev\u00e9 que mejore la asignaci\u00f3n de recursos y fortalezca la gesti\u00f3n administrativa y financiera de las aduanas bajo su jurisdicci\u00f3n.<\/p>\n\n\n\n<p>Entre sus acciones, la nueva direcci\u00f3n se encargar\u00e1 de supervisar la recaudaci\u00f3n de tributos y multas aduaneras, controlar el tr\u00e1fico de mercader\u00edas y prevenir el ingreso de productos ilegales, implementar nuevas tecnolog\u00edas para mejorar los controles de frontera y coordinar con aduanas de pa\u00edses vecinos para agilizar el comercio exterior.<\/p>\n\n\n\n<p>C\u00f3mo funcionar\u00e1n sus divisiones<\/p>\n\n\n\n<p>Para garantizar un control eficiente, la Direcci\u00f3n Regional Aduanera Cuyo contar\u00e1 con varias divisiones especializadas:<\/p>\n\n\n\n<p><strong>Divisi\u00f3n Administrativa y Financiera:\u00a0<\/strong>el\u00a0\u00e1rea se encargar\u00e1 de la gesti\u00f3n de recursos humanos, el mantenimiento de bienes materiales y la administraci\u00f3n presupuestaria de la regi\u00f3n. Tambi\u00e9n coordinar\u00e1 la capacitaci\u00f3n del personal y supervisar\u00e1 la implementaci\u00f3n de nuevas tecnolog\u00edas.<\/p>\n\n\n\n<p><strong>Divisi\u00f3n Investigaciones, Riesgo y Control Operativa:\u00a0<\/strong>su\u00a0misi\u00f3n ser\u00e1 detectar y prevenir delitos aduaneros, analizando operaciones sospechosas y trabajando en conjunto con otras fuerzas de seguridad. Tambi\u00e9n supervisar\u00e1 el almacenamiento y control de mercader\u00edas incautadas o en situaci\u00f3n de rezago.<\/p>\n\n\n\n<p><strong>Secci\u00f3n Econ\u00f3mico-Financiera:\u00a0<\/strong>tendr\u00e1 a su cargo el manejo financiero y presupuestario de las aduanas bajo su jurisdicci\u00f3n. Administrar\u00e1 el pago de est\u00edmulos, la devoluci\u00f3n de tributos y la recaudaci\u00f3n de fondos por multas e impuestos.<\/p>\n\n\n\n<p><strong>Secci\u00f3n Personal y Asistencia Inform\u00e1tica:&nbsp;<\/strong>gestionar\u00e1 los recursos humanos, la capacitaci\u00f3n del personal y el soporte t\u00e9cnico de los sistemas inform\u00e1ticos utilizados en la Direcci\u00f3n Regional. Adem\u00e1s, se encargar\u00e1 de la instalaci\u00f3n y mantenimiento del equipamiento tecnol\u00f3gico.<\/p>\n\n\n\n<p><strong>Secci\u00f3n Evaluaci\u00f3n y Control Operativo:&nbsp;<\/strong>supervisar\u00e1 el cumplimiento de los procesos de fiscalizaci\u00f3n y recaudaci\u00f3n en las aduanas de la regi\u00f3n. Tambi\u00e9n controlar\u00e1 la correcta aplicaci\u00f3n de los reg\u00edmenes especiales de comercio exterior y coordinar\u00e1 la digitalizaci\u00f3n de documentos administrativos.<\/p>\n\n\n\n<p><strong>Oficina de Gesti\u00f3n Operativa de Canes:\u00a0<\/strong>estar\u00e1 encargada de la capacitaci\u00f3n y mantenimiento de los perros detectores utilizados en los controles aduaneros. Adem\u00e1s, supervisar\u00e1 su estado de salud y bienestar.<\/p>\n\n\n\n<p><strong>Fuente: www.mendozapost.com<\/strong><\/p>\n","protected":false},"excerpt":{"rendered":"<p>Como hab\u00eda anticipado el gobernador\u00a0Alfredo Cornejo\u00a0junto al director del ARCA, Juan Pazo, este lunes el Gobierno Nacional oficializ\u00f3 la creaci\u00f3n de la\u00a0Direcci\u00f3n Regional Aduanera Cuyo, lo que dejar\u00e1 el control aduanero de la regi\u00f3n en manos de Mendoza. La estructura est\u00e1 contendida dentro de la Agencia de Recaudaci\u00f3n y Control Aduanero (ARCA), y abarcar\u00e1 Mendoza, [&hellip;]<\/p>\n","protected":false},"author":2,"featured_media":11930,"comment_status":"open","ping_status":"open","sticky":false,"template":"","format":"standard","meta":[],"categories":[50],"tags":[],"_links":{"self":[{"href":"https:\/\/pasaenmendoza.com\/index.php?rest_route=\/wp\/v2\/posts\/11929"}],"collection":[{"href":"https:\/\/pasaenmendoza.com\/index.php?rest_route=\/wp\/v2\/posts"}],"about":[{"href":"https:\/\/pasaenmendoza.com\/index.php?rest_route=\/wp\/v2\/types\/post"}],"author":[{"embeddable":true,"href":"https:\/\/pasaenmendoza.com\/index.php?rest_route=\/wp\/v2\/users\/2"}],"replies":[{"embeddable":true,"href":"https:\/\/pasaenmendoza.com\/index.php?rest_route=%2Fwp%2Fv2%2Fcomments&post=11929"}],"version-history":[{"count":1,"href":"https:\/\/pasaenmendoza.com\/index.php?rest_route=\/wp\/v2\/posts\/11929\/revisions"}],"predecessor-version":[{"id":11931,"href":"https:\/\/pasaenmendoza.com\/index.php?rest_route=\/wp\/v2\/posts\/11929\/revisions\/11931"}],"wp:featuredmedia":[{"embeddable":true,"href":"https:\/\/pasaenmendoza.com\/index.php?rest_route=\/wp\/v2\/media\/11930"}],"wp:attachment":[{"href":"https:\/\/pasaenmendoza.com\/index.php?rest_route=%2Fwp%2Fv2%2Fmedia&parent=11929"}],"wp:term":[{"taxonomy":"category","embeddable":true,"href":"https:\/\/pasaenmendoza.com\/index.php?rest_route=%2Fwp%2Fv2%2Fcategories&post=11929"},{"taxonomy":"post_tag","embeddable":true,"href":"https:\/\/pasaenmendoza.com\/index.php?rest_route=%2Fwp%2Fv2%2Ftags&post=11929"}],"curies":[{"name":"wp","href":"https:\/\/api.w.org\/{rel}","templated":true}]}}