{"id":11938,"date":"2025-03-10T22:11:59","date_gmt":"2025-03-10T21:11:59","guid":{"rendered":"https:\/\/pasaenmendoza.com\/?p=11938"},"modified":"2025-03-10T22:12:02","modified_gmt":"2025-03-10T21:12:02","slug":"por-segunda-vez-los-reyes-de-la-vendimia-para-todos-se-eligieron-en-el-teatro-griego","status":"publish","type":"post","link":"https:\/\/pasaenmendoza.com\/?p=11938","title":{"rendered":"Por segunda vez los reyes de la Vendimia para Todos se eligieron en el teatro griego"},"content":{"rendered":"\n<p>Por segundo a\u00f1o consecutivo, en su historia de m\u00e1s de dos d\u00e9cadas y como parte del calendario oficial de la\u00a0<strong>Vendimia 2025<\/strong>, la\u00a0<strong>Vendimia para Todos<\/strong>\u00a0(VPT) realiz\u00f3 su elecci\u00f3n y coronaci\u00f3n de reyes durante la primera repetici\u00f3n del Acto Central, &#8220;Guardiana del vino eterno&#8221;.<\/p>\n\n\n\n<p>Federico Gollo y Florencia Sevilla fueron coronados como&nbsp;<strong>Rey y Reina Nacional de la Vendimia Para Todos 2025<\/strong>&nbsp;en el&nbsp;<strong>teatro griego Frank Romero Day<\/strong>. Drag Enggel fue consagrada Reina Drag.<\/p>\n\n\n\n<p>Result\u00f3 pareja la votaci\u00f3n del p\u00fablico que asisti\u00f3 a la \u00fanica repetici\u00f3n del espect\u00e1culo central de la\u00a0<strong>Vendimia 2025<\/strong>, el domingo. Pudieron votar seg\u00fan el sorteo de terminaci\u00f3n de DNI.<\/p>\n\n\n\n<p><strong>Gabriel Canci<\/strong>\u00a0condujo esta secci\u00f3n vendimial en una noche fresca que convoc\u00f3 sobre todo a los amantes del folclore nacional para ver en vivo, una vez m\u00e1s en este contexto, a los populares artistas Jorge Rojas y Soledad, quienes cerraron los festejos.<\/p>\n\n\n\n<p>La\u00a0<strong>Vendimia Para Todos<\/strong>\u00a0completar\u00e1 su edici\u00f3n n\u00famero 29 con una fiesta electr\u00f3nica,\u00a0este s\u00e1bado 15 en el auditorio Bustelo. Las entradas se consiguen a trav\u00e9s de Entrada Web.<\/p>\n\n\n\n<h2 class=\"wp-block-heading\">Qui\u00e9nes son los reyes de la Vendimia para Todos 2025<\/h2>\n\n\n\n<p>Los reyes Abigail Visedo, Omar Arrigo y Diva Kaluba despidieron su mandato 2024 de la&nbsp;<strong>Vendimia para Todos<\/strong>, para entregar sus atributos a los elegidos por la gente presente en el&nbsp;<strong>teatro griego<\/strong>. Este a\u00f1o hubo 14 candidatos, que fueron presentados por&nbsp;<strong>Gabriel Canci<\/strong>, organizador junto a su hermano Fernando de esta celebraci\u00f3n vendimial.<\/p>\n\n\n\n<p>Canci subi\u00f3 al escenario apenas finaliz\u00f3\u00a0el espect\u00e1culo de la\u00a0<strong>Vendimia 2025<\/strong>, &#8220;Guardiana del vino eterno&#8221;. Y mientras iban mostr\u00e1ndose los postulantes, \u00e9l iba ofreciendo datos de sus vidas.<\/p>\n\n\n\n<p>Florencia Sevilla, coronada&nbsp;<strong>Reina Nacional de la VPT 2025<\/strong>, tiene 27 a\u00f1os y es de Godoy Cruz. Se desempe\u00f1a como bailarina, maquilladora, manicurista y artista del peinado.<\/p>\n\n\n\n<p>Federico Gollo,&nbsp;<strong>Rey Nacional<\/strong>, es un joven de 27 a\u00f1os que vive en la Ciudad de Mendoza y trabaja con personas con discapacidad. En tanto, Drag Enggel fue elegida&nbsp;<strong>Reina Drag<\/strong>; tiene 33 a\u00f1os, es de Tunuy\u00e1n, artista y empleado de comercio.<\/p>\n\n\n\n<h2 class=\"wp-block-heading\">La Vendimia para Todos tendr\u00e1 su fiesta<\/h2>\n\n\n\n<p>Con 29 a\u00f1os de historia, por segunda vez consecutiva la&nbsp;<strong>Vendimia para Todos<\/strong>&nbsp;realiz\u00f3 la elecci\u00f3n de sus reyes en el&nbsp;<strong>teatro griego<\/strong>.<\/p>\n\n\n\n<p>En el 2003 el Gobierno de Mendoza declar\u00f3 de Inter\u00e9s Tur\u00edstico y Cultural de la Provincia a la VPT, y desde ah\u00ed que forma parte del calendario oficial de la agenda provincial y nacional como uno de los espect\u00e1culos centrales dentro de los festejos de\u00a0<strong>Vendimia<\/strong>.<\/p>\n\n\n\n<p>Una vez elegidos los reyes, la&nbsp;<strong>Vendimia para Todos<\/strong>&nbsp;tendr\u00e1 su fiesta el s\u00e1bado 15 en el Bustelo y, seg\u00fan promete, &#8220;conectar\u00e1 la energ\u00eda de la m\u00fasica con lo oriental, b\u00fadico, hinduista y hol\u00edstico a trav\u00e9s de las perform\u00e1ticas que se fusionar\u00e1n con los DJ nacionales e internacionales encargados de transportar nuestros sentidos a una Nueva Era&#8221;.<\/p>\n\n\n\n<h2 class=\"wp-block-heading\">Una repetici\u00f3n de Vendimia 2025 a puro folclore<\/h2>\n\n\n\n<p>La bienvenida en esta repetici\u00f3n del Acto Central de la Fiesta Nacional de la\u00a0<strong>Vendimia 2025<\/strong>\u00a0la dieron juntas Alejandrina Funes y Sof\u00eda Perfumo, flamantes reina y virreina.<\/p>\n\n\n\n<p>\u201cBuenas noches a todos, tuve el honor de representar al departamento de Las Heras, cuna del Ej\u00e9rcito Libertador. Hoy quiero agradecer a todos los que hicieron posible seguir apostando a la magia de nuestra&nbsp;<strong>Vendimia<\/strong>. Gracias por seguir con nuestra tradici\u00f3n y nuestra cultura\u201d, expres\u00f3 la reina nacional ante un&nbsp;<strong>teatro griego<\/strong>&nbsp;casi repleto y un pu\u00f1ado de gente que asisti\u00f3 a ver la fiesta desde los cerros.<\/p>\n\n\n\n<p>Adem\u00e1s del espect\u00e1culo dirigido por Franco Ag\u00fcero, la repetici\u00f3n de la\u00a0<strong>Vendimia 2025<\/strong>\u00a0tuvo en la previa los shows de los artistas locales D\u00fao Nuevo Cuyo, Enzo De Lucca con El Milongazo y Yasm\u00edn Gonz\u00e1lez.<\/p>\n\n\n\n<p>La fiesta se despidi\u00f3 con los recitales de&nbsp;<strong>Jorge Rojas<\/strong>&nbsp;y&nbsp;<strong>Soledad Pastorutti<\/strong>, quienes ya hab\u00edan pisado el<strong>&nbsp;teatro griego<\/strong>&nbsp;en otras ediciones de&nbsp;<strong>Vendimia<\/strong>.<\/p>\n\n\n\n<p>Este lunes en ese escenario se dar\u00e1 un recital aparte, sin repetici\u00f3n del Acto Central, con\u00a0<strong>Q&#8217; Locura\u00a0<\/strong>y\u00a0<strong>Ke Personajes<\/strong>\u00a0como artistas centrales para ofrecer un cierre vendimial a pura cumbia.<\/p>\n\n\n\n<p><strong>Fuente: www.diariouno.com.ar<\/strong><\/p>\n","protected":false},"excerpt":{"rendered":"<p>Por segundo a\u00f1o consecutivo, en su historia de m\u00e1s de dos d\u00e9cadas y como parte del calendario oficial de la\u00a0Vendimia 2025, la\u00a0Vendimia para Todos\u00a0(VPT) realiz\u00f3 su elecci\u00f3n y coronaci\u00f3n de reyes durante la primera repetici\u00f3n del Acto Central, &#8220;Guardiana del vino eterno&#8221;. Federico Gollo y Florencia Sevilla fueron coronados como&nbsp;Rey y Reina Nacional de la [&hellip;]<\/p>\n","protected":false},"author":2,"featured_media":11939,"comment_status":"open","ping_status":"open","sticky":false,"template":"","format":"standard","meta":[],"categories":[74],"tags":[],"_links":{"self":[{"href":"https:\/\/pasaenmendoza.com\/index.php?rest_route=\/wp\/v2\/posts\/11938"}],"collection":[{"href":"https:\/\/pasaenmendoza.com\/index.php?rest_route=\/wp\/v2\/posts"}],"about":[{"href":"https:\/\/pasaenmendoza.com\/index.php?rest_route=\/wp\/v2\/types\/post"}],"author":[{"embeddable":true,"href":"https:\/\/pasaenmendoza.com\/index.php?rest_route=\/wp\/v2\/users\/2"}],"replies":[{"embeddable":true,"href":"https:\/\/pasaenmendoza.com\/index.php?rest_route=%2Fwp%2Fv2%2Fcomments&post=11938"}],"version-history":[{"count":1,"href":"https:\/\/pasaenmendoza.com\/index.php?rest_route=\/wp\/v2\/posts\/11938\/revisions"}],"predecessor-version":[{"id":11940,"href":"https:\/\/pasaenmendoza.com\/index.php?rest_route=\/wp\/v2\/posts\/11938\/revisions\/11940"}],"wp:featuredmedia":[{"embeddable":true,"href":"https:\/\/pasaenmendoza.com\/index.php?rest_route=\/wp\/v2\/media\/11939"}],"wp:attachment":[{"href":"https:\/\/pasaenmendoza.com\/index.php?rest_route=%2Fwp%2Fv2%2Fmedia&parent=11938"}],"wp:term":[{"taxonomy":"category","embeddable":true,"href":"https:\/\/pasaenmendoza.com\/index.php?rest_route=%2Fwp%2Fv2%2Fcategories&post=11938"},{"taxonomy":"post_tag","embeddable":true,"href":"https:\/\/pasaenmendoza.com\/index.php?rest_route=%2Fwp%2Fv2%2Ftags&post=11938"}],"curies":[{"name":"wp","href":"https:\/\/api.w.org\/{rel}","templated":true}]}}