{"id":1194,"date":"2023-09-05T14:59:03","date_gmt":"2023-09-05T12:59:03","guid":{"rendered":"https:\/\/pasaenmendoza.com\/?p=1194"},"modified":"2023-09-05T14:59:04","modified_gmt":"2023-09-05T12:59:04","slug":"el-comunicado-de-la-concejal-de-las-heras-que-abandono-a-orozco-y-se-fue-a-cambia-mendoza","status":"publish","type":"post","link":"https:\/\/pasaenmendoza.com\/?p=1194","title":{"rendered":"El comunicado de la concejal de Las Heras que abandon\u00f3 a Orozco y se fue a Cambia Mendoza"},"content":{"rendered":"\n<p>Eliana D\u00edaz confirm\u00f3 que abandona el bloque de La Uni\u00f3n Mendocina. Habl\u00f3 de &#8220;deterioro&#8221; y &#8220;decadencia&#8221; en el municipio que conduce Daniel Orozco.<\/p>\n\n\n\n<p>A las renuncias, investigaciones judiciales e idas y vueltas de funcionarios en Las Heras, se sum\u00f3 el anuncio de una concejal que\u00a0<strong>dej\u00f3 a Daniel Orozco y se sum\u00f3 al bloque de Cambia Mendoza<\/strong>. Se trata de<strong>\u00a0Eliana D\u00edaz Gonz\u00e1lez<\/strong>, quien justific\u00f3 su decisi\u00f3n a trav\u00e9s de un comunicado.<\/p>\n\n\n\n<p>Dijo la concejal D\u00edaz que la gesti\u00f3n municipal &#8220;transita su peor momento. Empleados municipales que denuncian\u00a0<strong>hostigamientos, destrato, maltratos, retenci\u00f3n de sueldos<\/strong>; situaciones que d\u00eda a d\u00eda el personal me expone desesperanzadamente e intento tramitar y solucionar&#8221;.<\/p>\n\n\n\n<p>Adem\u00e1s, en medio de las denuncias, imputaciones e investigaciones judiciales por presunta corrupci\u00f3n y hasta abuso sexual, la concejal se\u00f1al\u00f3 que &#8220;<strong>en su momento cre\u00ed en el gobierno municipal, pero las evidencias derrumbaron mis creencias<\/strong>&#8220;.<\/p>\n\n\n\n<h3 class=\"wp-block-heading\">El comunicado completo de la concejal Eliana D\u00edaz Gonz\u00e1lez:<\/h3>\n\n\n\n<p>En el transcurso que escribo estas l\u00edneas, pienso principalmente en mi familia y los vecinos que me brindaron la responsabilidad de representarlos en el Honorable Concejo Deliberante del departamento de Las Heras. Situaci\u00f3n que vengo desarrollando con valores \u00e9tico y morales acordes a la envestidura que constituyo, en el bloque de la Uni\u00f3n Mendocina.<\/p>\n\n\n\n<p>En paralelo; es de p\u00fablico conocimiento que la gesti\u00f3n del Intendente Daniel Orozco en la Municipalidad de Las Heras, transita su peor momento. Empleados municipales que denuncian hostigamientos, destrato, maltratos, retenci\u00f3n de sueldos; situaciones que d\u00eda a d\u00eda el personal me expone desesperanzadamente e intento tramitar y solucionar.<\/p>\n\n\n\n<p>Si la situaci\u00f3n interna institucional expone deterioro y decadencia, dif\u00edcilmente el servicio p\u00fablico a prestar sea de calidad. Precisamente higiene urbana, luminarias, y obra p\u00fablica transcurre de deficiente a paup\u00e9rrimo, como consecuencia del claro abandono de diversas \u00e1reas municipales. Esa dejadez, la sufren cotidianamente los vecinos del departamento que observan at\u00f3nitos impavidez comunal. Se gobierna poco, a los tumbos y sin rumbo, una verdad tan perogrullada, como lamentable.<\/p>\n\n\n\n<p>En su momento, cre\u00ed en el gobierno municipal, pero las evidencias derrumbaron mis creencias. No puedo ser apacible a un esquema gubernamental donde la mitad de sus funcionarios son imputados por la justicia, en diversos delitos de extrema gravedad. Situaci\u00f3n potenciada por el hecho que muchos de ellos siguen en funciones, erosionando moral y \u00e9ticamente a toda la instituci\u00f3n municipal. Nadie renuncia y peor a\u00fan, nadie tiene la autoridad moral para solicitarles que as\u00ed lo hagan.<\/p>\n\n\n\n<p>Verdaderamente no quiero esa inmoralidad para mi familia y entiendo que los ciudadanos lasherinos tampoco se lo merecen. Este grado de irresponsabilidad, amerita mayor compromiso de mi parte para cambiar el estado de situaci\u00f3n se\u00f1alado. Ese cambio declama participaci\u00f3n activa y es precisamente lo que he decidido concretar. Con mi equipo de trabajo, vamos a sumarnos al Cambio Cultural, dirigencial y generacional, que expresa Francisco Lo Presti. Sentimos representaci\u00f3n en su propuesta de gobierno donde se proyecta Las Heras presente y futuro, identificando al vecino como prioridad en la gesti\u00f3n. Necesitamos un cambio positivo que exprese valores, respeto, orden y capacidad de gobierno en base a honestidad, seriedad, trabajo en equipo y compromiso con el vecino.<\/p>\n\n\n\n<p>Es el momento de dar vuelta la hoja y empezar a transitar un cambio cultural general en nuestro departamento y precisamente es Francisco Lo Presti, quien constantemente, de forma acertiva lo expresa como eje central de su propuesta electoral. La gesti\u00f3n del Intendente Orozco est\u00e1 terminada y la continuidad que propone es m\u00e1s de lo mismo. Elijo colaborar en construir la nueva Las Heras, junto a una persona que expresa juventud, honestidad, experiencia y capacidad de gesti\u00f3n<\/p>\n\n\n\n<p>Las Heras saldr\u00e1 adelante como siempre lo hizo, porque su fuerza de superaci\u00f3n radica en la hidalgu\u00eda de su gente y la esencia de su esfuerzo. Los hechos de p\u00fablico conocimiento, ocurridos en la Municipalidad, reflejan, una l\u00ednea divisoria imaginaria que agrupa pol\u00edticos en un s\u00e1lvese quien pueda y del otro un pueblo que procura un cambio con orden para un mejor presente con visi\u00f3n de futuro. En lo personal ya tom\u00e9 una decisi\u00f3n. Elijo estar del lado del lado del pueblo. Elijo un SI para LAS HERAS.<\/p>\n\n\n\n<p>FUENTE: memo.com.ar<\/p>\n","protected":false},"excerpt":{"rendered":"<p>Eliana D\u00edaz confirm\u00f3 que abandona el bloque de La Uni\u00f3n Mendocina. Habl\u00f3 de &#8220;deterioro&#8221; y &#8220;decadencia&#8221; en el municipio que conduce Daniel Orozco. A las renuncias, investigaciones judiciales e idas y vueltas de funcionarios en Las Heras, se sum\u00f3 el anuncio de una concejal que\u00a0dej\u00f3 a Daniel Orozco y se sum\u00f3 al bloque de Cambia [&hellip;]<\/p>\n","protected":false},"author":2,"featured_media":1195,"comment_status":"open","ping_status":"open","sticky":true,"template":"","format":"standard","meta":[],"categories":[47],"tags":[],"_links":{"self":[{"href":"https:\/\/pasaenmendoza.com\/index.php?rest_route=\/wp\/v2\/posts\/1194"}],"collection":[{"href":"https:\/\/pasaenmendoza.com\/index.php?rest_route=\/wp\/v2\/posts"}],"about":[{"href":"https:\/\/pasaenmendoza.com\/index.php?rest_route=\/wp\/v2\/types\/post"}],"author":[{"embeddable":true,"href":"https:\/\/pasaenmendoza.com\/index.php?rest_route=\/wp\/v2\/users\/2"}],"replies":[{"embeddable":true,"href":"https:\/\/pasaenmendoza.com\/index.php?rest_route=%2Fwp%2Fv2%2Fcomments&post=1194"}],"version-history":[{"count":1,"href":"https:\/\/pasaenmendoza.com\/index.php?rest_route=\/wp\/v2\/posts\/1194\/revisions"}],"predecessor-version":[{"id":1196,"href":"https:\/\/pasaenmendoza.com\/index.php?rest_route=\/wp\/v2\/posts\/1194\/revisions\/1196"}],"wp:featuredmedia":[{"embeddable":true,"href":"https:\/\/pasaenmendoza.com\/index.php?rest_route=\/wp\/v2\/media\/1195"}],"wp:attachment":[{"href":"https:\/\/pasaenmendoza.com\/index.php?rest_route=%2Fwp%2Fv2%2Fmedia&parent=1194"}],"wp:term":[{"taxonomy":"category","embeddable":true,"href":"https:\/\/pasaenmendoza.com\/index.php?rest_route=%2Fwp%2Fv2%2Fcategories&post=1194"},{"taxonomy":"post_tag","embeddable":true,"href":"https:\/\/pasaenmendoza.com\/index.php?rest_route=%2Fwp%2Fv2%2Ftags&post=1194"}],"curies":[{"name":"wp","href":"https:\/\/api.w.org\/{rel}","templated":true}]}}