{"id":11941,"date":"2025-03-10T22:21:37","date_gmt":"2025-03-10T21:21:37","guid":{"rendered":"https:\/\/pasaenmendoza.com\/?p=11941"},"modified":"2025-03-10T22:21:38","modified_gmt":"2025-03-10T21:21:38","slug":"alfredo-cornejo-presento-la-plataforma-para-ensenar-ingles-que-demando-una-inversion-de-us7-millones","status":"publish","type":"post","link":"https:\/\/pasaenmendoza.com\/?p=11941","title":{"rendered":"Alfredo Cornejo present\u00f3 la plataforma para ense\u00f1ar ingl\u00e9s que demand\u00f3 una inversi\u00f3n de U$S7 millones"},"content":{"rendered":"\n<p>El gobernador\u00a0<strong>Alfredo Cornejo\u00a0<\/strong>present\u00f3 este lunes una plataforma para la\u00a0ense\u00f1anza de ingl\u00e9s.\u00a0Para la novedosa herramienta el Gobierno decidi\u00f3 una inversi\u00f3n cerca a los 7 millones de d\u00f3lares cont\u00f3 el ministro de Educaci\u00f3n, Cultura, Infancias y DGE,\u00a0<strong>Tadeo Garc\u00eda Zalazar.<\/strong><\/p>\n\n\n\n<p>La plataforma fue dise\u00f1ada por profesionales de Mendoza y se denomina&nbsp;<strong>Cumbre<\/strong>. En su primera etapa, abordar\u00e1 36 escuelas (18 primarias y 18 secundarias), beneficiando a aproximadamente a 5.000 estudiantes de s\u00e9ptimo grado de la primaria a segundo a\u00f1o de secundaria- Involucrar\u00e1 a alrededor de 50 docentes.<\/p>\n\n\n\n<p><strong>Cornejo\u00a0<\/strong>argument\u00f3 que \u201ctenemos la necesidad imperiosa de que nuestros ni\u00f1os y adolescentes hablen otro idioma, ese idioma ser\u00e1 en esta etapa el ingl\u00e9s\u201d.<\/p>\n\n\n\n<h2 class=\"wp-block-heading\"><strong>Tadeo Garc\u00eda Zalazar: \u201cSe invertir\u00e1n m\u00e1s de 7 millones de d\u00f3lares en equipamiento este a\u00f1o\u201d<\/strong><\/h2>\n\n\n\n<p>El ministro\u00a0Tadeo Garc\u00eda Zalazar<strong>,<\/strong>\u00a0destac\u00f3: &#8220;Todo esto significa un gran esfuerzo en inversi\u00f3n tecnol\u00f3gica. Tambi\u00e9n habr\u00e1 una fuerte formaci\u00f3n docente para la aplicaci\u00f3n y vamos a entregar para acompa\u00f1ar 700 aulas digitales m\u00f3viles, conformadas por notebooks, netbooks y proyector para mejorar el entorno formativo del aula. Se invertir\u00e1n m\u00e1s de 7 millones de d\u00f3lares en equipamiento este a\u00f1o&#8221;,<\/p>\n\n\n\n<p><strong>Ustedes saben que ingl\u00e9s es obligatorio a partir de s\u00e9ptimo grado, pero vamos a prever la incorporaci\u00f3n del idioma en sala de cuatro y hasta sexto grado. Esta plataforma es abierta y vamos a poder incorporar otros idiomas. Debemos acompa\u00f1ar a la educaci\u00f3n con tecnolog\u00eda<\/strong><\/p>\n\n\n\n<p>La plataforma\u00a0<strong>Cumbre\u00a0<\/strong>puede utilizarse desde una tablet, notebook o celular. Tiene juegos, aplicaciones y se podr\u00e1n grabar para que la aplicaci\u00f3n los corrija en su pronunciaci\u00f3n.<\/p>\n\n\n\n<h2 class=\"wp-block-heading\"><strong>La plataforma Cumbre<\/strong><\/h2>\n\n\n\n<p><strong>Adriana Navarrete<\/strong>, docente del equipo de contenidistas de la plataforma, dijo que &#8220;el contenido se desarroll\u00f3 bajo una doble premisa: integrar lo conocido y sumarle innovaci\u00f3n, destacando el propio conocimiento de los estudiantes y la interacci\u00f3n con el entorno. Se van a encontrar con contenido y con aspectos de la cultura mendocina, es un entorno seguro para los aprendizajes. Es muy din\u00e1mica y se pueden corregir los errores al momento\u201d.<\/p>\n\n\n\n<h2 class=\"wp-block-heading\"><strong>Cronograma de implementaci\u00f3n del programa Cumbre<\/strong><\/h2>\n\n\n\n<ul>\n<li>&nbsp;Semana del 10 de marzo: inicio de la carga de contenido en la plataforma por parte de los contenidistas de&nbsp;<strong>DGE<\/strong>. Integraci\u00f3n de actividades gamificadas y actividades de conversaci\u00f3n asistida para 7mo grado, 1er y 2do a\u00f1o. Pruebas reales en el entorno de producci\u00f3n para identificar y corregir posibles errores antes de la implementaci\u00f3n en las aulas.<\/li>\n\n\n\n<li>Semana del 17 de marzo: selecci\u00f3n de las 36 escuelas participantes en el programa por parte de&nbsp;<strong>DGE<\/strong>. Coordinaci\u00f3n con las instituciones para garantizar su compromiso y preparaci\u00f3n para la fase de capacitaci\u00f3n.<\/li>\n\n\n\n<li>Semana del 24 de marzo: capacitaci\u00f3n en el uso de la plataforma para directivos y docentes de las escuelas seleccionadas en esta primera etapa, as\u00ed como para aquellas instituciones y docentes interesados en participar. Resoluci\u00f3n de dudas y acompa\u00f1amiento para asegurar una correcta apropiaci\u00f3n de la herramienta.<\/li>\n\n\n\n<li>Despliegue de la primera fase 7 de abril: inicio del uso de la plataforma en las aulas, tras la finalizaci\u00f3n del diagn\u00f3stico realizado por los&nbsp;<strong>docentes de ingl\u00e9s&nbsp;<\/strong>que participan en el programa. Monitoreo de la implementaci\u00f3n y recolecci\u00f3n de retroalimentaci\u00f3n para ajustes.<\/li>\n\n\n\n<li>Semana del 14 de abril: monitoreo inicial del uso en aula. Recolectar&nbsp;<em>feedback&nbsp;<\/em>de docentes y estudiantes sobre la experiencia con la plataforma. Correcci\u00f3n de posibles problemas detectados en la implementaci\u00f3n inicial.<\/li>\n\n\n\n<li>Al finalizar el receso invernal: luego de transitar con \u00e9xito la primera fase, corregir errores y obtener informaci\u00f3n relevante, la plataforma estar\u00e1 disponible para todas las escuelas primarias y secundarias de la provincia para 7mo grado, 1er y 2do a\u00f1o. Comienza la etapa de prueba piloto para incorporar ingl\u00e9s en 6to grado.<\/li>\n<\/ul>\n\n\n\n<p><strong>Fuente: www.diariouno.com.ar<\/strong><\/p>\n","protected":false},"excerpt":{"rendered":"<p>El gobernador\u00a0Alfredo Cornejo\u00a0present\u00f3 este lunes una plataforma para la\u00a0ense\u00f1anza de ingl\u00e9s.\u00a0Para la novedosa herramienta el Gobierno decidi\u00f3 una inversi\u00f3n cerca a los 7 millones de d\u00f3lares cont\u00f3 el ministro de Educaci\u00f3n, Cultura, Infancias y DGE,\u00a0Tadeo Garc\u00eda Zalazar. La plataforma fue dise\u00f1ada por profesionales de Mendoza y se denomina&nbsp;Cumbre. En su primera etapa, abordar\u00e1 36 escuelas [&hellip;]<\/p>\n","protected":false},"author":2,"featured_media":11942,"comment_status":"open","ping_status":"open","sticky":false,"template":"","format":"standard","meta":[],"categories":[56],"tags":[],"_links":{"self":[{"href":"https:\/\/pasaenmendoza.com\/index.php?rest_route=\/wp\/v2\/posts\/11941"}],"collection":[{"href":"https:\/\/pasaenmendoza.com\/index.php?rest_route=\/wp\/v2\/posts"}],"about":[{"href":"https:\/\/pasaenmendoza.com\/index.php?rest_route=\/wp\/v2\/types\/post"}],"author":[{"embeddable":true,"href":"https:\/\/pasaenmendoza.com\/index.php?rest_route=\/wp\/v2\/users\/2"}],"replies":[{"embeddable":true,"href":"https:\/\/pasaenmendoza.com\/index.php?rest_route=%2Fwp%2Fv2%2Fcomments&post=11941"}],"version-history":[{"count":1,"href":"https:\/\/pasaenmendoza.com\/index.php?rest_route=\/wp\/v2\/posts\/11941\/revisions"}],"predecessor-version":[{"id":11943,"href":"https:\/\/pasaenmendoza.com\/index.php?rest_route=\/wp\/v2\/posts\/11941\/revisions\/11943"}],"wp:featuredmedia":[{"embeddable":true,"href":"https:\/\/pasaenmendoza.com\/index.php?rest_route=\/wp\/v2\/media\/11942"}],"wp:attachment":[{"href":"https:\/\/pasaenmendoza.com\/index.php?rest_route=%2Fwp%2Fv2%2Fmedia&parent=11941"}],"wp:term":[{"taxonomy":"category","embeddable":true,"href":"https:\/\/pasaenmendoza.com\/index.php?rest_route=%2Fwp%2Fv2%2Fcategories&post=11941"},{"taxonomy":"post_tag","embeddable":true,"href":"https:\/\/pasaenmendoza.com\/index.php?rest_route=%2Fwp%2Fv2%2Ftags&post=11941"}],"curies":[{"name":"wp","href":"https:\/\/api.w.org\/{rel}","templated":true}]}}