{"id":11944,"date":"2025-03-10T22:29:21","date_gmt":"2025-03-10T21:29:21","guid":{"rendered":"https:\/\/pasaenmendoza.com\/?p=11944"},"modified":"2025-03-10T22:29:22","modified_gmt":"2025-03-10T21:29:22","slug":"el-ipv-abrio-las-inscripciones-para-acceder-a-una-casa-propia-con-cuotas-de-bajo-interes","status":"publish","type":"post","link":"https:\/\/pasaenmendoza.com\/?p=11944","title":{"rendered":"El IPV abri\u00f3 las inscripciones para acceder a una casa propia con cuotas de bajo inter\u00e9s"},"content":{"rendered":"\n<p>El\u00a0<strong>Instituto Provincial de Vivienda (IPV)<\/strong>\u00a0dar\u00e1 una nueva oportunidad para los miles de familias que buscan acceder a una\u00a0<strong>casa propia<\/strong>.<\/p>\n\n\n\n<p>Seg\u00fan explicaron desde el&nbsp;<strong>IPV<\/strong>, este&nbsp;<strong>plan de viviendas<\/strong>&nbsp;se trata de uno de los m\u00e1s solicitados por muchas familias mendocinas que buscan poder tener su propia&nbsp;<strong>casa&nbsp;<\/strong>y dejar de alquilar.<\/p>\n\n\n\n<h2 class=\"wp-block-heading\">C\u00f3mo es el plan de viviendas del IPV<\/h2>\n\n\n\n<p>Este&nbsp;<strong>plan de viviendas<\/strong>&nbsp;cuyas inscripciones se han vuelto a habilitar se trata de&nbsp;<strong>Construyo Mi Casa<\/strong>. Se basa en una&nbsp;<strong>l\u00ednea de cr\u00e9ditos hipotecarios<\/strong>&nbsp;que permite que aquellas familias que cuentan con un lote, puedan inscribirse.<\/p>\n\n\n\n<p>&#8220;Con esta l\u00ednea de cr\u00e9ditos, se busca incentivar la construcci\u00f3n de\u00a0<strong>viviendas<\/strong>&#8220;, explic\u00f3 el presidente del\u00a0<strong>IPV<\/strong>, Gustavo Cantero, que se\u00f1al\u00f3 que hasta el momento, y desde el 2021, ingresaron al programa cerca de mil mendocinos que buscan tener su\u00a0<strong>casa propia<\/strong>.<\/p>\n\n\n\n<h2 class=\"wp-block-heading\">Construyo mi casa: los requisitos que pide el IPV<\/h2>\n\n\n\n<p>Entre los requisitos m\u00e1s importantes que hay para acceder al<strong>&nbsp;plan del IPV Construyo Mi Casa<\/strong>&nbsp;se encuentra el de contar con un terreno. En ese sentido, explicaron desde el gobierno de Mendoza, que este plan se maneja bajo un sistema de ahorro previo.<\/p>\n\n\n\n<p>Esto significa que aquella persona o familia interesada en construir su&nbsp;<strong>casa propia&nbsp;<\/strong>debe aportar el 15% del valor de la vivienda durante una etapa de ahorro o durante los llamados de licitaci\u00f3n. En tanto, el&nbsp;<strong>IPV&nbsp;<\/strong>aporta el 85% restante en desembolsos, seg\u00fan el avance que vaya teniendo la obra.<\/p>\n\n\n\n<p>Adem\u00e1s de contar con un terreno, para acceder a la&nbsp;<strong>casa propia<\/strong>&nbsp;mediante este plan del Instituto Provincial de Vivienda, tambi\u00e9n hay que cumplir con otros requisitos. Estos son:<\/p>\n\n\n\n<ul>\n<li>Poseer el ahorro solicitado<\/li>\n\n\n\n<li>Tener ingresos que vayan desde los $1.134.000 a $2.430.000<\/li>\n<\/ul>\n\n\n\n<p>Hay que tener en cuenta que los ingresos dependen del proyecto que se vaya a hacer y que van desde los 55 metros cuadrados hasta los 140.<\/p>\n\n\n\n<p>En cuanto a las&nbsp;<strong>cuotas de las casas<\/strong>, desde el&nbsp;<strong>IPV&nbsp;<\/strong>se resalt\u00f3 que estas &#8220;oscilan entre los $226.000 y los $485.000 para cr\u00e9ditos de $48.900.000 a $106.600.000, seg\u00fan la superficie del proyecto a ejecutar&#8221;.<\/p>\n\n\n\n<p>Asimismo, las cuotas del per\u00edodo de ahorro se ajustan por el sistema de Unidad de Valor Adquisitivo (UVA), para que el ahorrista no pierda poder adquisitivo, en tanto que a las cuotas de devoluci\u00f3n del cr\u00e9dito se les aplica un inter\u00e9s que var\u00eda entre el 0% y el 4%, adem\u00e1s de ajustarse seg\u00fan el Coeficiente de Variaci\u00f3n Salarial (CVS), se\u00f1alaron desde el&nbsp;<strong>Instituto de Vivienda<\/strong>.<\/p>\n\n\n\n<h2 class=\"wp-block-heading\">C\u00f3mo me inscribo para tener mi propia casa<\/h2>\n\n\n\n<p>Para ingresar a este\u00a0<strong>programa de viviendas<\/strong>\u00a0y tener la posibilidad de poseer una\u00a0<strong>casa propia<\/strong>, todos los interesados deber\u00e1n inscribirse al\u00a0<strong>IPV\u00a0<\/strong>a trav\u00e9s del siguiente link:\u00a0www.ipvmendoza.gov.ar.<\/p>\n\n\n\n<p><strong>Fuente: www.diariouno.com.ar<\/strong><\/p>\n","protected":false},"excerpt":{"rendered":"<p>El\u00a0Instituto Provincial de Vivienda (IPV)\u00a0dar\u00e1 una nueva oportunidad para los miles de familias que buscan acceder a una\u00a0casa propia. Seg\u00fan explicaron desde el&nbsp;IPV, este&nbsp;plan de viviendas&nbsp;se trata de uno de los m\u00e1s solicitados por muchas familias mendocinas que buscan poder tener su propia&nbsp;casa&nbsp;y dejar de alquilar. C\u00f3mo es el plan de viviendas del IPV Este&nbsp;plan [&hellip;]<\/p>\n","protected":false},"author":2,"featured_media":11945,"comment_status":"open","ping_status":"open","sticky":false,"template":"","format":"standard","meta":[],"categories":[69],"tags":[],"_links":{"self":[{"href":"https:\/\/pasaenmendoza.com\/index.php?rest_route=\/wp\/v2\/posts\/11944"}],"collection":[{"href":"https:\/\/pasaenmendoza.com\/index.php?rest_route=\/wp\/v2\/posts"}],"about":[{"href":"https:\/\/pasaenmendoza.com\/index.php?rest_route=\/wp\/v2\/types\/post"}],"author":[{"embeddable":true,"href":"https:\/\/pasaenmendoza.com\/index.php?rest_route=\/wp\/v2\/users\/2"}],"replies":[{"embeddable":true,"href":"https:\/\/pasaenmendoza.com\/index.php?rest_route=%2Fwp%2Fv2%2Fcomments&post=11944"}],"version-history":[{"count":1,"href":"https:\/\/pasaenmendoza.com\/index.php?rest_route=\/wp\/v2\/posts\/11944\/revisions"}],"predecessor-version":[{"id":11946,"href":"https:\/\/pasaenmendoza.com\/index.php?rest_route=\/wp\/v2\/posts\/11944\/revisions\/11946"}],"wp:featuredmedia":[{"embeddable":true,"href":"https:\/\/pasaenmendoza.com\/index.php?rest_route=\/wp\/v2\/media\/11945"}],"wp:attachment":[{"href":"https:\/\/pasaenmendoza.com\/index.php?rest_route=%2Fwp%2Fv2%2Fmedia&parent=11944"}],"wp:term":[{"taxonomy":"category","embeddable":true,"href":"https:\/\/pasaenmendoza.com\/index.php?rest_route=%2Fwp%2Fv2%2Fcategories&post=11944"},{"taxonomy":"post_tag","embeddable":true,"href":"https:\/\/pasaenmendoza.com\/index.php?rest_route=%2Fwp%2Fv2%2Ftags&post=11944"}],"curies":[{"name":"wp","href":"https:\/\/api.w.org\/{rel}","templated":true}]}}