{"id":11950,"date":"2025-03-11T14:33:42","date_gmt":"2025-03-11T13:33:42","guid":{"rendered":"https:\/\/pasaenmendoza.com\/?p=11950"},"modified":"2025-03-11T14:33:43","modified_gmt":"2025-03-11T13:33:43","slug":"baja-la-temperatura-asi-estara-el-tiempo-este-martes-en-mendoza","status":"publish","type":"post","link":"https:\/\/pasaenmendoza.com\/?p=11950","title":{"rendered":"Baja la temperatura: as\u00ed estar\u00e1 el tiempo este martes en Mendoza"},"content":{"rendered":"\n<p>Mientras faltan pocos d\u00edas para que empiece el oto\u00f1o,&nbsp;<strong>Mendoza&nbsp;<\/strong>vive jornadas m\u00e1s frescas lejanas a las que estaban atravesadas por una<strong>&nbsp;intensa ola de calor.<\/strong><\/p>\n\n\n\n<p>Para este martes, la&nbsp;<strong>temperatura&nbsp;<\/strong>bajar\u00e1 a\u00fan m\u00e1s. La m\u00e1xima ser\u00e1 de 26 grados y la m\u00ednima de 16.<\/p>\n\n\n\n<p>Sin embargo, este mi\u00e9rcoles la m\u00e1xima llegar\u00e1 a 20 grados y bajar\u00e1 rotundamente siendo el d\u00eda m\u00e1s fresco de la semana.<\/p>\n\n\n\n<p>De cara al jueves y al inicio del \u201cfinde\u201d, se espera un leve aumento paulatino de las temperaturas, que llegar\u00e1n a su pico de 31\u00b0C el d\u00eda domingo.<\/p>\n\n\n\n<p>Por el momento, el\u00a0<strong>SMN\u00a0<\/strong>no ha emitido un alerta por posibles tormentas ni lluvias de consideraci\u00f3n.<\/p>\n\n\n\n<p><strong>Fuente: www.elsol.com.ar<\/strong><\/p>\n","protected":false},"excerpt":{"rendered":"<p>Mientras faltan pocos d\u00edas para que empiece el oto\u00f1o,&nbsp;Mendoza&nbsp;vive jornadas m\u00e1s frescas lejanas a las que estaban atravesadas por una&nbsp;intensa ola de calor. Para este martes, la&nbsp;temperatura&nbsp;bajar\u00e1 a\u00fan m\u00e1s. La m\u00e1xima ser\u00e1 de 26 grados y la m\u00ednima de 16. Sin embargo, este mi\u00e9rcoles la m\u00e1xima llegar\u00e1 a 20 grados y bajar\u00e1 rotundamente siendo el [&hellip;]<\/p>\n","protected":false},"author":2,"featured_media":11951,"comment_status":"open","ping_status":"open","sticky":false,"template":"","format":"standard","meta":[],"categories":[52],"tags":[],"_links":{"self":[{"href":"https:\/\/pasaenmendoza.com\/index.php?rest_route=\/wp\/v2\/posts\/11950"}],"collection":[{"href":"https:\/\/pasaenmendoza.com\/index.php?rest_route=\/wp\/v2\/posts"}],"about":[{"href":"https:\/\/pasaenmendoza.com\/index.php?rest_route=\/wp\/v2\/types\/post"}],"author":[{"embeddable":true,"href":"https:\/\/pasaenmendoza.com\/index.php?rest_route=\/wp\/v2\/users\/2"}],"replies":[{"embeddable":true,"href":"https:\/\/pasaenmendoza.com\/index.php?rest_route=%2Fwp%2Fv2%2Fcomments&post=11950"}],"version-history":[{"count":1,"href":"https:\/\/pasaenmendoza.com\/index.php?rest_route=\/wp\/v2\/posts\/11950\/revisions"}],"predecessor-version":[{"id":11952,"href":"https:\/\/pasaenmendoza.com\/index.php?rest_route=\/wp\/v2\/posts\/11950\/revisions\/11952"}],"wp:featuredmedia":[{"embeddable":true,"href":"https:\/\/pasaenmendoza.com\/index.php?rest_route=\/wp\/v2\/media\/11951"}],"wp:attachment":[{"href":"https:\/\/pasaenmendoza.com\/index.php?rest_route=%2Fwp%2Fv2%2Fmedia&parent=11950"}],"wp:term":[{"taxonomy":"category","embeddable":true,"href":"https:\/\/pasaenmendoza.com\/index.php?rest_route=%2Fwp%2Fv2%2Fcategories&post=11950"},{"taxonomy":"post_tag","embeddable":true,"href":"https:\/\/pasaenmendoza.com\/index.php?rest_route=%2Fwp%2Fv2%2Ftags&post=11950"}],"curies":[{"name":"wp","href":"https:\/\/api.w.org\/{rel}","templated":true}]}}