{"id":11953,"date":"2025-03-11T14:37:59","date_gmt":"2025-03-11T13:37:59","guid":{"rendered":"https:\/\/pasaenmendoza.com\/?p=11953"},"modified":"2025-03-11T14:38:00","modified_gmt":"2025-03-11T13:38:00","slug":"fuerte-accidente-en-la-ruta-7-camino-a-chile-chocaron-un-auto-un-camion-y-un-movil-policial","status":"publish","type":"post","link":"https:\/\/pasaenmendoza.com\/?p=11953","title":{"rendered":"Fuerte accidente en la Ruta 7 camino a Chile: chocaron un auto, un cami\u00f3n y un m\u00f3vil policial"},"content":{"rendered":"\n<p>Un auto, un cami\u00f3n y un m\u00f3vil de la polic\u00eda chocaron este martes por la ma\u00f1ana en el kil\u00f3metro 1.115, a la altura de la Curva de Guido en la&nbsp;<strong>Ruta 7<\/strong>&nbsp;del camino internacional con Chile. El primer impacto se dio de frente entre el veh\u00edculo particular y el transporte de carga.<\/p>\n\n\n\n<p>Luego, en un segundo impacto, el m\u00f3vil policial termina colisionando por atr\u00e1s al auto.<\/p>\n\n\n\n<p>Seg\u00fan informaron las autoridades, el conductor del veh\u00edculo particular fue el que perdi\u00f3 el dominio de su propio rodado y termin\u00f3 chocando al cami\u00f3n en uno de sus laterales.<\/p>\n\n\n\n<p>Del choque se produjo un<strong>&nbsp;efecto rebote<\/strong>&nbsp;que hace que termine impactando contra el m\u00f3vil de la Polic\u00eda de Mendoza.<\/p>\n\n\n\n<p>El servicio m\u00e9dico diagnostic\u00f3 en primer lugar politraumatismos leves y continu\u00f3 con la atenci\u00f3n en el lugar a los afectados.<\/p>\n\n\n\n<p>Se realiz\u00f3 un\u00a0<em>bypass\u00a0<\/em>por la obstrucci\u00f3n parcial de la calzada en el camino internacional que une a Mendoza con Chile por el\u00a0<strong>Paso Internacional Cristo Redentor.<\/strong><\/p>\n\n\n\n<p><strong>Fuente: www.elsol.com.ar<\/strong><\/p>\n","protected":false},"excerpt":{"rendered":"<p>Un auto, un cami\u00f3n y un m\u00f3vil de la polic\u00eda chocaron este martes por la ma\u00f1ana en el kil\u00f3metro 1.115, a la altura de la Curva de Guido en la&nbsp;Ruta 7&nbsp;del camino internacional con Chile. El primer impacto se dio de frente entre el veh\u00edculo particular y el transporte de carga. Luego, en un segundo [&hellip;]<\/p>\n","protected":false},"author":2,"featured_media":11954,"comment_status":"open","ping_status":"open","sticky":false,"template":"","format":"standard","meta":[],"categories":[48],"tags":[],"_links":{"self":[{"href":"https:\/\/pasaenmendoza.com\/index.php?rest_route=\/wp\/v2\/posts\/11953"}],"collection":[{"href":"https:\/\/pasaenmendoza.com\/index.php?rest_route=\/wp\/v2\/posts"}],"about":[{"href":"https:\/\/pasaenmendoza.com\/index.php?rest_route=\/wp\/v2\/types\/post"}],"author":[{"embeddable":true,"href":"https:\/\/pasaenmendoza.com\/index.php?rest_route=\/wp\/v2\/users\/2"}],"replies":[{"embeddable":true,"href":"https:\/\/pasaenmendoza.com\/index.php?rest_route=%2Fwp%2Fv2%2Fcomments&post=11953"}],"version-history":[{"count":1,"href":"https:\/\/pasaenmendoza.com\/index.php?rest_route=\/wp\/v2\/posts\/11953\/revisions"}],"predecessor-version":[{"id":11955,"href":"https:\/\/pasaenmendoza.com\/index.php?rest_route=\/wp\/v2\/posts\/11953\/revisions\/11955"}],"wp:featuredmedia":[{"embeddable":true,"href":"https:\/\/pasaenmendoza.com\/index.php?rest_route=\/wp\/v2\/media\/11954"}],"wp:attachment":[{"href":"https:\/\/pasaenmendoza.com\/index.php?rest_route=%2Fwp%2Fv2%2Fmedia&parent=11953"}],"wp:term":[{"taxonomy":"category","embeddable":true,"href":"https:\/\/pasaenmendoza.com\/index.php?rest_route=%2Fwp%2Fv2%2Fcategories&post=11953"},{"taxonomy":"post_tag","embeddable":true,"href":"https:\/\/pasaenmendoza.com\/index.php?rest_route=%2Fwp%2Fv2%2Ftags&post=11953"}],"curies":[{"name":"wp","href":"https:\/\/api.w.org\/{rel}","templated":true}]}}