{"id":11960,"date":"2025-03-11T23:09:11","date_gmt":"2025-03-11T22:09:11","guid":{"rendered":"https:\/\/pasaenmendoza.com\/?p=11960"},"modified":"2025-03-11T23:09:11","modified_gmt":"2025-03-11T22:09:11","slug":"cornejo-llamo-a-licitacion-publica-para-concesionar-penitentes","status":"publish","type":"post","link":"https:\/\/pasaenmendoza.com\/?p=11960","title":{"rendered":"Cornejo llam\u00f3 a licitaci\u00f3n p\u00fablica para concesionar Penitentes"},"content":{"rendered":"\n<p>El Gobierno de Mendoza lanz\u00f3 el llamado a\u00a0<strong>licitaci\u00f3n p\u00fablica nacional<\/strong>\u00a0para concesionar el centro de esqu\u00ed\u00a0<strong>Los Penitentes<\/strong>, ubicado en Las Heras. La medida qued\u00f3 oficializada este martes con la publicaci\u00f3n del Decreto 455 en el\u00a0<strong>Bolet\u00edn Oficial<\/strong>\u00a0y busca reactivar el complejo, que lleva varias temporadas con poca -o nula- actividad.<\/p>\n\n\n\n<p>El pliego establece que la concesi\u00f3n podr\u00e1 extenderse por un per\u00edodo de\u00a0<strong>hasta 50 a\u00f1os<\/strong>\u00a0e incluso prev\u00e9 la posibilidad de que el adjudicatario ejerza una opci\u00f3n de compra sobre la fracci\u00f3n del predio donde se desarrollen alojamientos tur\u00edsticos de categor\u00eda superior.<\/p>\n\n\n\n<p>Este llamado a\u00a0<strong>licitaci\u00f3n<\/strong>\u00a0llega luego de que la Provincia\u00a0formalizara la expropiaci\u00f3n del complejo, decisi\u00f3n tomada bajo la Ley 9.583 y cuyo \u00faltimo cap\u00edtulo se dio a conocer tambi\u00e9n este martes, a trav\u00e9s del\u00a0<strong>Decreto 252<\/strong>. Con esa medida, el Estado mendocino tom\u00f3 posesi\u00f3n de los \u00faltimos terrenos que a\u00fan pertenec\u00edan a la empresa\u00a0<strong>Los Penitentes Centro de Esqu\u00ed S.A<\/strong>., lo que permiti\u00f3 avanzar en el proceso.<\/p>\n\n\n\n<h2 class=\"wp-block-heading\">La concesi\u00f3n de Penitentes<\/h2>\n\n\n\n<p>Podr\u00e1 otorgarse por un m\u00ednimo de 20 y un m\u00e1ximo de 50 a\u00f1os. El objetivo principal de la concesi\u00f3n de Penitentes es poner en valor la infraestructura existente, refuncionalizar espacios y construir nuevas instalaciones.<\/p>\n\n\n\n<p>La expectativa est\u00e1 puesta en las ofertas que puedan presentarse y en el plan de inversi\u00f3n que cada interesado proponga para reflotar un complejo de monta\u00f1a que alguna vez fue emblem\u00e1tico en&nbsp;<strong>Mendoza<\/strong>.<\/p>\n\n\n\n<p>Dado que el\u00a0<strong>cambio clim\u00e1tico<\/strong>\u00a0ha hecho que el lugar tenga menos nieve que en \u00e9pocas anteriores, el nuevo proyecto implica actividades durante todo el a\u00f1o, como &#8220;senderismo, mountain bike, trekking entre otras ofertas&#8221;, seg\u00fan han explicado desde la administraci\u00f3n del gobernador Alfredo Cornejo.<\/p>\n\n\n\n<h2 class=\"wp-block-heading\">La expropiaci\u00f3n de tres pol\u00edgonos de Penitentes<\/h2>\n\n\n\n<p>El avance en el proceso licitatorio de la totalidad del predio&nbsp;<strong>Penitentes&nbsp;<\/strong>configur\u00f3 la \u201curgencia\u201d necesaria para concretar en la pr\u00e1ctica la expropiaci\u00f3n de tres pol\u00edgonos que a\u00fan quedaban en manos del antiguo propietario, la familia L\u00f3pez Frugoni.<\/p>\n\n\n\n<p>Se trata de los identificados con los n\u00fameros 3, 4 y 6 del plano de&nbsp;<strong>Los Penitentes Centro de Esqu\u00ed SA<\/strong>, cuya utilidad p\u00fablica surgi\u00f3 de la ley N\u00ba 9.583, sancionada en octubre del a\u00f1o pasado.<\/p>\n\n\n\n<figure class=\"wp-block-image\"><img decoding=\"async\" src=\"https:\/\/media.diariouno.com.ar\/p\/d15cb56547c24c456a52708b85accf54\/adjuntos\/298\/imagenes\/009\/511\/0009511060\/1200x0\/smart\/penitentes-expropiacionjpg.jpg\" alt=\"Parte del plano de Penitentes, donde se divisa el pol&iacute;gono 3 a expropiar.\" title=\"Parte del plano de Penitentes, donde se divisa el pol&iacute;gono 3 a expropiar.\"\/><\/figure>\n\n\n\n<p>Parte del plano de Penitentes, donde se divisa el pol\u00edgono 3 a expropiar.<\/p>\n\n\n\n<p>\u201cDe la norma surge claramente que deber\u00e1n estar disponibles para iniciar la acci\u00f3n judicial por\u00a0<strong>expropiaci\u00f3n<\/strong>\u00a0de urgencia&#8221;, reza en los considerandos del\u00a0decreto N\u00b0 252, publicado este martes.<\/p>\n\n\n\n<p>El monto de indemnizaci\u00f3n para completar la expropiaci\u00f3n de\u00a0<strong>Penitentes<\/strong>\u00a0ser\u00e1 el que surja exclusivamente del aval\u00fao fiscal de los inmuebles a expropiar con hasta un 30% m\u00e1s, lo que asciende a $38.089.366. La Fiscal\u00eda de Estado debe iniciar ahora la demanda ante el Juzgado Civil que corresponda y tomar la inmediata posesi\u00f3n del inmueble.<\/p>\n\n\n\n<p><strong>Fuente: www.diariouno.com.ar<\/strong><\/p>\n","protected":false},"excerpt":{"rendered":"<p>El Gobierno de Mendoza lanz\u00f3 el llamado a\u00a0licitaci\u00f3n p\u00fablica nacional\u00a0para concesionar el centro de esqu\u00ed\u00a0Los Penitentes, ubicado en Las Heras. La medida qued\u00f3 oficializada este martes con la publicaci\u00f3n del Decreto 455 en el\u00a0Bolet\u00edn Oficial\u00a0y busca reactivar el complejo, que lleva varias temporadas con poca -o nula- actividad. El pliego establece que la concesi\u00f3n podr\u00e1 [&hellip;]<\/p>\n","protected":false},"author":2,"featured_media":11961,"comment_status":"open","ping_status":"open","sticky":false,"template":"","format":"standard","meta":[],"categories":[47],"tags":[],"_links":{"self":[{"href":"https:\/\/pasaenmendoza.com\/index.php?rest_route=\/wp\/v2\/posts\/11960"}],"collection":[{"href":"https:\/\/pasaenmendoza.com\/index.php?rest_route=\/wp\/v2\/posts"}],"about":[{"href":"https:\/\/pasaenmendoza.com\/index.php?rest_route=\/wp\/v2\/types\/post"}],"author":[{"embeddable":true,"href":"https:\/\/pasaenmendoza.com\/index.php?rest_route=\/wp\/v2\/users\/2"}],"replies":[{"embeddable":true,"href":"https:\/\/pasaenmendoza.com\/index.php?rest_route=%2Fwp%2Fv2%2Fcomments&post=11960"}],"version-history":[{"count":1,"href":"https:\/\/pasaenmendoza.com\/index.php?rest_route=\/wp\/v2\/posts\/11960\/revisions"}],"predecessor-version":[{"id":11962,"href":"https:\/\/pasaenmendoza.com\/index.php?rest_route=\/wp\/v2\/posts\/11960\/revisions\/11962"}],"wp:featuredmedia":[{"embeddable":true,"href":"https:\/\/pasaenmendoza.com\/index.php?rest_route=\/wp\/v2\/media\/11961"}],"wp:attachment":[{"href":"https:\/\/pasaenmendoza.com\/index.php?rest_route=%2Fwp%2Fv2%2Fmedia&parent=11960"}],"wp:term":[{"taxonomy":"category","embeddable":true,"href":"https:\/\/pasaenmendoza.com\/index.php?rest_route=%2Fwp%2Fv2%2Fcategories&post=11960"},{"taxonomy":"post_tag","embeddable":true,"href":"https:\/\/pasaenmendoza.com\/index.php?rest_route=%2Fwp%2Fv2%2Ftags&post=11960"}],"curies":[{"name":"wp","href":"https:\/\/api.w.org\/{rel}","templated":true}]}}