{"id":11972,"date":"2025-03-12T13:26:25","date_gmt":"2025-03-12T12:26:25","guid":{"rendered":"https:\/\/pasaenmendoza.com\/?p=11972"},"modified":"2025-03-12T13:26:26","modified_gmt":"2025-03-12T12:26:26","slug":"miercoles-fresco-y-nublado-en-el-gran-mendoza","status":"publish","type":"post","link":"https:\/\/pasaenmendoza.com\/?p=11972","title":{"rendered":"Mi\u00e9rcoles fresco y nublado en el Gran Mendoza"},"content":{"rendered":"\n<p>Este mi\u00e9rcoles tendremos un d\u00eda&nbsp;<strong>fresco y con cielo nublado<\/strong>.&nbsp;<\/p>\n\n\n\n<p>Seg\u00fan los datos del\u00a0Servicio Meteorol\u00f3gico Nacional, la m\u00e1xima prevista para hoy es de\u00a0<strong>20\u00b0<\/strong>, mientras que la m\u00ednima se ubic\u00f3 en los 14\u00b0.\u00a0<\/p>\n\n\n\n<p>La humedad relativa es de 80% pero no hay pron\u00f3stico de precipitaciones.\u00a0<\/p>\n\n\n\n<p>Para ma\u00f1ana jueves, se prev\u00e9\u00a0<strong>ascenso de la temperatura<\/strong>\u00a0y una m\u00e1xima de\u00a0<strong>25\u00b0<\/strong>, sin precipitaciones. El viernes podr\u00eda haber tormentas aisladas durante la noche y la m\u00e1xima llegar\u00e1 a los\u00a0<strong>27\u00b0<\/strong>.\u00a0\u00a0<\/p>\n\n\n\n<p><strong>Fuente: www.mendozapost.com<\/strong><\/p>\n","protected":false},"excerpt":{"rendered":"<p>Este mi\u00e9rcoles tendremos un d\u00eda&nbsp;fresco y con cielo nublado.&nbsp; Seg\u00fan los datos del\u00a0Servicio Meteorol\u00f3gico Nacional, la m\u00e1xima prevista para hoy es de\u00a020\u00b0, mientras que la m\u00ednima se ubic\u00f3 en los 14\u00b0.\u00a0 La humedad relativa es de 80% pero no hay pron\u00f3stico de precipitaciones.\u00a0 Para ma\u00f1ana jueves, se prev\u00e9\u00a0ascenso de la temperatura\u00a0y una m\u00e1xima de\u00a025\u00b0, sin [&hellip;]<\/p>\n","protected":false},"author":2,"featured_media":11973,"comment_status":"open","ping_status":"open","sticky":false,"template":"","format":"standard","meta":[],"categories":[52],"tags":[],"_links":{"self":[{"href":"https:\/\/pasaenmendoza.com\/index.php?rest_route=\/wp\/v2\/posts\/11972"}],"collection":[{"href":"https:\/\/pasaenmendoza.com\/index.php?rest_route=\/wp\/v2\/posts"}],"about":[{"href":"https:\/\/pasaenmendoza.com\/index.php?rest_route=\/wp\/v2\/types\/post"}],"author":[{"embeddable":true,"href":"https:\/\/pasaenmendoza.com\/index.php?rest_route=\/wp\/v2\/users\/2"}],"replies":[{"embeddable":true,"href":"https:\/\/pasaenmendoza.com\/index.php?rest_route=%2Fwp%2Fv2%2Fcomments&post=11972"}],"version-history":[{"count":1,"href":"https:\/\/pasaenmendoza.com\/index.php?rest_route=\/wp\/v2\/posts\/11972\/revisions"}],"predecessor-version":[{"id":11974,"href":"https:\/\/pasaenmendoza.com\/index.php?rest_route=\/wp\/v2\/posts\/11972\/revisions\/11974"}],"wp:featuredmedia":[{"embeddable":true,"href":"https:\/\/pasaenmendoza.com\/index.php?rest_route=\/wp\/v2\/media\/11973"}],"wp:attachment":[{"href":"https:\/\/pasaenmendoza.com\/index.php?rest_route=%2Fwp%2Fv2%2Fmedia&parent=11972"}],"wp:term":[{"taxonomy":"category","embeddable":true,"href":"https:\/\/pasaenmendoza.com\/index.php?rest_route=%2Fwp%2Fv2%2Fcategories&post=11972"},{"taxonomy":"post_tag","embeddable":true,"href":"https:\/\/pasaenmendoza.com\/index.php?rest_route=%2Fwp%2Fv2%2Ftags&post=11972"}],"curies":[{"name":"wp","href":"https:\/\/api.w.org\/{rel}","templated":true}]}}