{"id":11978,"date":"2025-03-12T14:20:13","date_gmt":"2025-03-12T13:20:13","guid":{"rendered":"https:\/\/pasaenmendoza.com\/?p=11978"},"modified":"2025-03-12T14:20:14","modified_gmt":"2025-03-12T13:20:14","slug":"balearon-a-un-hombre-en-maipu-y-capturaron-a-su-primo-como-autor","status":"publish","type":"post","link":"https:\/\/pasaenmendoza.com\/?p=11978","title":{"rendered":"Balearon a un hombre en Maip\u00fa y capturaron a su primo como autor"},"content":{"rendered":"\n<p>Un alba\u00f1il de 29 a\u00f1os fue baleado este martes por la tarde en el barrio Renacer de Maip\u00fa y por el hecho qued\u00f3 aprehendido un adolescente de 17 a\u00f1os, primo de la v\u00edctima, quien asegur\u00f3 que no ten\u00eda nada que ver con el hecho.<\/p>\n\n\n\n<p><strong>El hombre recibi\u00f3 un disparo en el muslo izquierdo<\/strong>&nbsp;y tuvo que ser trasladado al Hospital Paroissien por vecinos, mientras que el sospechoso fue arrestado luego de una persecuci\u00f3n en las inmediaciones del barrio La Gloria, donde perdieron de vista a otro presunto part\u00edcipe.<\/p>\n\n\n\n<p><strong>El hecho de sangre ocurri\u00f3 a las 16 en la manzana B del barrio Renacer<\/strong>, ubicado entre los complejos Nueva Generaci\u00f3n y Soberan\u00eda Nacional. Cuando efectivos de la Unidad Especial de Patrullaje (<strong>UEP<\/strong>) llegaron al lugar, encontraron a un grupo de mujeres limpiando manchas de sangre en la vereda.<\/p>\n\n\n\n<p>Al consultarles sobre lo sucedido para iniciar las actuaciones, se negaron a aportar informaci\u00f3n. En ese momento, el 911 comunic\u00f3 que un hombre con una herida de arma de fuego hab\u00eda ingresado al citado nosocomio.<\/p>\n\n\n\n<p>De manera simult\u00e1nea, una uniformada que se encontraba en la escena observ\u00f3 a dos sujetos salir corriendo de la barriada, uno de ellos con un arma de fuego en una de sus manos.<\/p>\n\n\n\n<p>En ese momento se inici\u00f3 una persecuci\u00f3n, la que culmin\u00f3 en la intersecci\u00f3n de calles\u00a0<strong>Carrodilla y Terrada<\/strong>, donde lograron atrapar a uno de ellos. Por su parte, el otro logr\u00f3 escapar hacia los pasillos del barrio La Gloria, ubicados hacia el norte del Renacer, en el \u201ccoraz\u00f3n\u201d de la Triple Frontera.<\/p>\n\n\n\n<p>El menor fue trasladado a la Subcomisar\u00eda Lorenz y, seg\u00fan los primeros datos de la investigaci\u00f3n, podr\u00eda ser uno de los autores del ataque ocurrido en la casa de la novia de la v\u00edctima.<\/p>\n\n\n\n<p>El herido, un hombre que dijo ser alba\u00f1il y que ten\u00eda domicilio en el barrio Los Alerces (ubicado hacia el oeste del teatro del hecho) fue asistido en el hospital y diagnosticaron una&nbsp;<strong>herida de arma de fuego en el muslo izquierdo<\/strong>.<\/p>\n\n\n\n<p>Por su parte, el ministerio p\u00fablico orden\u00f3 que se trabaje en la escena, se busque a la v\u00edctima para radicar la denuncia, a testigos para avanzar en la reconstrucci\u00f3n del caso y se mantenga aprehendido al menor.<\/p>\n\n\n\n<p><strong>Fuente: www.elsol.com.ar<\/strong><\/p>\n","protected":false},"excerpt":{"rendered":"<p>Un alba\u00f1il de 29 a\u00f1os fue baleado este martes por la tarde en el barrio Renacer de Maip\u00fa y por el hecho qued\u00f3 aprehendido un adolescente de 17 a\u00f1os, primo de la v\u00edctima, quien asegur\u00f3 que no ten\u00eda nada que ver con el hecho. El hombre recibi\u00f3 un disparo en el muslo izquierdo&nbsp;y tuvo que [&hellip;]<\/p>\n","protected":false},"author":2,"featured_media":11979,"comment_status":"open","ping_status":"open","sticky":false,"template":"","format":"standard","meta":[],"categories":[48],"tags":[],"_links":{"self":[{"href":"https:\/\/pasaenmendoza.com\/index.php?rest_route=\/wp\/v2\/posts\/11978"}],"collection":[{"href":"https:\/\/pasaenmendoza.com\/index.php?rest_route=\/wp\/v2\/posts"}],"about":[{"href":"https:\/\/pasaenmendoza.com\/index.php?rest_route=\/wp\/v2\/types\/post"}],"author":[{"embeddable":true,"href":"https:\/\/pasaenmendoza.com\/index.php?rest_route=\/wp\/v2\/users\/2"}],"replies":[{"embeddable":true,"href":"https:\/\/pasaenmendoza.com\/index.php?rest_route=%2Fwp%2Fv2%2Fcomments&post=11978"}],"version-history":[{"count":1,"href":"https:\/\/pasaenmendoza.com\/index.php?rest_route=\/wp\/v2\/posts\/11978\/revisions"}],"predecessor-version":[{"id":11980,"href":"https:\/\/pasaenmendoza.com\/index.php?rest_route=\/wp\/v2\/posts\/11978\/revisions\/11980"}],"wp:featuredmedia":[{"embeddable":true,"href":"https:\/\/pasaenmendoza.com\/index.php?rest_route=\/wp\/v2\/media\/11979"}],"wp:attachment":[{"href":"https:\/\/pasaenmendoza.com\/index.php?rest_route=%2Fwp%2Fv2%2Fmedia&parent=11978"}],"wp:term":[{"taxonomy":"category","embeddable":true,"href":"https:\/\/pasaenmendoza.com\/index.php?rest_route=%2Fwp%2Fv2%2Fcategories&post=11978"},{"taxonomy":"post_tag","embeddable":true,"href":"https:\/\/pasaenmendoza.com\/index.php?rest_route=%2Fwp%2Fv2%2Ftags&post=11978"}],"curies":[{"name":"wp","href":"https:\/\/api.w.org\/{rel}","templated":true}]}}