{"id":11981,"date":"2025-03-12T16:00:52","date_gmt":"2025-03-12T15:00:52","guid":{"rendered":"https:\/\/pasaenmendoza.com\/?p=11981"},"modified":"2025-03-12T16:00:53","modified_gmt":"2025-03-12T15:00:53","slug":"cuanto-cobraron-soledad-pastorutti-y-jorge-rojas-por-su-actuacion-en-la-vendimia-2025","status":"publish","type":"post","link":"https:\/\/pasaenmendoza.com\/?p=11981","title":{"rendered":"Cu\u00e1nto cobraron Soledad Pastorutti y Jorge Rojas por su actuaci\u00f3n en la Vendimia 2025"},"content":{"rendered":"\n<p>La\u00a0<strong>Fiesta Nacional de la Vendimia<\/strong>\u00a0lleg\u00f3 a su fin. Cerca de 40 mil espectadores, entre mendocinos y turistas, disfrutaron de\u00a0la criticada puesta en escena de Franco Ag\u00fcero, titulada\u00a0<strong>\u201cGuardiana del vino eterno\u201d<\/strong>\u00a0y ahora es momento de analizar los n\u00fameros finales de la edici\u00f3n 2025 que cont\u00f3 con un presupuesto que rond\u00f3 los tres mil quinientos millones de pesos.<\/p>\n\n\n\n<p>En la oportunidad, con la finalidad de abaratar los gastos, el Gobierno determin\u00f3 eliminar una noche de Repetici\u00f3n y, de acuerdo con la informaci\u00f3n a la que accedi\u00f3\u00a0<em>El Sol<\/em>, la presentaci\u00f3n de\u00a0<strong>Soledad Pastorutti<\/strong>\u00a0y<strong>\u00a0Jorge Rojas\u00a0<\/strong>le cost\u00f3 al Ejecutivo la cifra de 100 millones de pesos.<\/p>\n\n\n\n<p>Seg\u00fan indicaron desde Cultura,&nbsp;<strong>la artista oriunda de Arequito<\/strong>, que hace dos a\u00f1os, durante la misma \u00e9poca se present\u00f3 en el Frank Romero Day,&nbsp;<strong>cobr\u00f3 un cachet de 60 millones de pesos.<\/strong><\/p>\n\n\n\n<p>En tanto, el ex Nochero, que debut\u00f3 como solista en la Repetici\u00f3n 2025, percibi\u00f3 por su espect\u00e1culo la cifra de\u00a0<strong>40 millones de pesos.<\/strong><\/p>\n\n\n\n<p><strong>Ambos artistas llegaron a Mendoza acompa\u00f1ados por un s\u00e9quito conformado por 23 personas.<\/strong><\/p>\n\n\n\n<p>Dicho importe no s\u00f3lo incluye el cachet de los artistas, sino que tambi\u00e9n los seguros personales, de equipos y toda la log\u00edstica para el traslado de los grupos.<\/p>\n\n\n\n<p>Como ocurri\u00f3 el a\u00f1o pasado, los gastos fueron costeados \u00edntegramente&nbsp;con el dinero producido de la venta de&nbsp; entradas (aunque este a\u00f1o, la Repetici\u00f3n qued\u00f3 con varias localidades sin vender).<\/p>\n\n\n\n<p>Adem\u00e1s, hubo aporte de\u00a0 sponsors privados que participan colaborando en la Fiesta de la Vendimia, mediante canje de publicidad.<\/p>\n\n\n\n<h2 class=\"wp-block-heading\" id=\"h-bajar-los-gastos-la-prioridad\">Bajar los gastos, la prioridad<\/h2>\n\n\n\n<p>Uno de los objetivos planteados por las autoridades locales a la hora de realizar la fiesta m\u00e1xima, era reducir los costos.<\/p>\n\n\n\n<p>Respecto al 2024, la contrataci\u00f3n de\u00a0<strong>Ciro y Los Persas\u00a0<\/strong>y\u00a0<strong>La Delio Valdez,<\/strong>\u00a0protagonistas de las dos noches de Repetici\u00f3n, tuvo un costo que rond\u00f3 los\u00a0<strong>133 millones de pesos.<\/strong><\/p>\n\n\n\n<p>En el caso de Ciro, que lleg\u00f3 acompa\u00f1ado por 21 personas, se abon\u00f3 84.7 millones de pesos, en tanto, a La Delio Valdez, que arrib\u00f3 con 36 personas, entre m\u00fasicos, sonidistas, t\u00e9cnicos, se le desembols\u00f3 48.4 millones de pesos por su actuaci\u00f3n.<\/p>\n\n\n\n<p><strong>Fuente: www.elsol.com.ar<\/strong><\/p>\n","protected":false},"excerpt":{"rendered":"<p>La\u00a0Fiesta Nacional de la Vendimia\u00a0lleg\u00f3 a su fin. Cerca de 40 mil espectadores, entre mendocinos y turistas, disfrutaron de\u00a0la criticada puesta en escena de Franco Ag\u00fcero, titulada\u00a0\u201cGuardiana del vino eterno\u201d\u00a0y ahora es momento de analizar los n\u00fameros finales de la edici\u00f3n 2025 que cont\u00f3 con un presupuesto que rond\u00f3 los tres mil quinientos millones de [&hellip;]<\/p>\n","protected":false},"author":2,"featured_media":11982,"comment_status":"open","ping_status":"open","sticky":false,"template":"","format":"standard","meta":[],"categories":[74],"tags":[],"_links":{"self":[{"href":"https:\/\/pasaenmendoza.com\/index.php?rest_route=\/wp\/v2\/posts\/11981"}],"collection":[{"href":"https:\/\/pasaenmendoza.com\/index.php?rest_route=\/wp\/v2\/posts"}],"about":[{"href":"https:\/\/pasaenmendoza.com\/index.php?rest_route=\/wp\/v2\/types\/post"}],"author":[{"embeddable":true,"href":"https:\/\/pasaenmendoza.com\/index.php?rest_route=\/wp\/v2\/users\/2"}],"replies":[{"embeddable":true,"href":"https:\/\/pasaenmendoza.com\/index.php?rest_route=%2Fwp%2Fv2%2Fcomments&post=11981"}],"version-history":[{"count":1,"href":"https:\/\/pasaenmendoza.com\/index.php?rest_route=\/wp\/v2\/posts\/11981\/revisions"}],"predecessor-version":[{"id":11983,"href":"https:\/\/pasaenmendoza.com\/index.php?rest_route=\/wp\/v2\/posts\/11981\/revisions\/11983"}],"wp:featuredmedia":[{"embeddable":true,"href":"https:\/\/pasaenmendoza.com\/index.php?rest_route=\/wp\/v2\/media\/11982"}],"wp:attachment":[{"href":"https:\/\/pasaenmendoza.com\/index.php?rest_route=%2Fwp%2Fv2%2Fmedia&parent=11981"}],"wp:term":[{"taxonomy":"category","embeddable":true,"href":"https:\/\/pasaenmendoza.com\/index.php?rest_route=%2Fwp%2Fv2%2Fcategories&post=11981"},{"taxonomy":"post_tag","embeddable":true,"href":"https:\/\/pasaenmendoza.com\/index.php?rest_route=%2Fwp%2Fv2%2Ftags&post=11981"}],"curies":[{"name":"wp","href":"https:\/\/api.w.org\/{rel}","templated":true}]}}