{"id":11984,"date":"2025-03-12T22:34:14","date_gmt":"2025-03-12T21:34:14","guid":{"rendered":"https:\/\/pasaenmendoza.com\/?p=11984"},"modified":"2025-03-12T22:34:15","modified_gmt":"2025-03-12T21:34:15","slug":"mauricio-macri-vuelve-a-mendoza-para-fortalecer-el-pro-y-rearmar-jxc-pero-enfrenta-un-problema","status":"publish","type":"post","link":"https:\/\/pasaenmendoza.com\/?p=11984","title":{"rendered":"Mauricio Macri vuelve a Mendoza para fortalecer el PRO y rearmar JxC, pero enfrenta un problema"},"content":{"rendered":"\n<p>El expresidente&nbsp;<strong>Mauricio Macri<\/strong>&nbsp;arribar\u00e1 a<strong>&nbsp;Mendoza&nbsp;<\/strong>durante la&nbsp;<strong>primera semana de abril.&nbsp;<\/strong>Si bien la fecha no est\u00e1 confirmada, la intenci\u00f3n es que el presidente del PRO a nivel nacional visite la provincia luego de su paso por C\u00f3rdoba.<\/p>\n\n\n\n<p>El motivo de su visita se enmarca en su intenci\u00f3n de fortalecer su armado pol\u00edtico a nivel nacional y continuar con el crecimiento del PRO en Mendoza. Por el momento, se prev\u00e9 un acto partidario, aunque tampoco se ha definido el lugar.<\/p>\n\n\n\n<p><em>\u201cTodav\u00eda falta bastante para su llegada a la provincia. La idea es hacer algo tranquilo para evaluar c\u00f3mo seguimos durante el a\u00f1o. Todo depender\u00e1 de su agenda\u201d,<\/em>&nbsp;comentaron desde el PRO mendocino.<\/p>\n\n\n\n<p>Si bien Macri ya est\u00e1 realizando giras por el interior del pa\u00eds, actualmente se encuentra concentrado en el cierre de listas en la Ciudad de Buenos Aires. All\u00ed, la gesti\u00f3n de<strong>&nbsp;Jorge Macri<\/strong>&nbsp;mantiene negociaciones con&nbsp;<strong>La Libertad Avanza<\/strong>&nbsp;en busca de una posible alianza electoral, aunque desde el PRO ven \u201c<em>dif\u00edcil<\/em>\u201d que se concrete.<\/p>\n\n\n\n<p>Una vez finalizado el cierre de listas en CABA, el expresidente retomar\u00e1 su agenda partidaria y continuar\u00e1 recorriendo el interior del pa\u00eds. Su esquema de viajes incluye Tucum\u00e1n, C\u00f3rdoba y, posteriormente, Mendoza.<\/p>\n\n\n\n<h2 class=\"wp-block-heading\" id=\"h-rearmar-jxc-tiene-un-escollo\">Rearmar JxC tiene un escollo<\/h2>\n\n\n\n<p>En cuanto a su armado pol\u00edtico, el objetivo de Macri es reconfigurar lo que fue<strong>&nbsp;Juntos por el Cambio<\/strong>, el frente compuesto por el PRO, la UCR, la Coalici\u00f3n C\u00edvica y otras fuerzas de centro alejadas del kirchnerismo.<\/p>\n\n\n\n<p>Sin embargo, en el PRO tambi\u00e9n consideran \u201c<em>dif\u00edcil<\/em>\u201d que Macri logre el resurgimiento de JxC, ya que \u201c<em>cada provincia atraviesa realidades diferentes<\/em>\u201d y los partidos que integraban el frente est\u00e1n priorizando acuerdos electorales espec\u00edficos.<\/p>\n\n\n\n<p>Un ejemplo de ello es el reciente acuerdo anunciado por el gobernador de Chaco,\u00a0<strong>Leandro Zdero<\/strong>, con\u00a0<strong>La Libertad Avanza<\/strong>. El dirigente radical ir\u00e1 junto con el partido de Milei tanto en las elecciones provinciales como bajo el frente \u201c<em>Chaco Puede<\/em>\u201c.<\/p>\n\n\n\n<p>En Mendoza ocurre una situaci\u00f3n similar. Durante los festejos de la Vendimia, el gobernador&nbsp;<strong>Alfredo Cornejo<\/strong>&nbsp;revel\u00f3 que desea que el Gobierno nacional gane las elecciones y admiti\u00f3 que han existido conversaciones para la conformaci\u00f3n de una futura alianza.<\/p>\n\n\n\n<p><em>\u201cNo ser\u00eda il\u00f3gico que confluy\u00e9ramos en una instancia electoral en una alianza.\u00a0<strong>Se est\u00e1 conversando de eso. T\u00edmidamente s\u00ed, concretamente, no todav\u00eda<\/strong>. Ser\u00eda lo l\u00f3gico porque los dos perseguimos un objetivos com\u00fan. Hay que ver la oportunidad\u201d<\/em>, expres\u00f3 Cornejo luego de su participaci\u00f3n en el 6\u00b0 foro de\u00a0Inversi\u00f3n y Negocios.<\/p>\n\n\n\n<p>Con estas declaraciones, la posibilidad de que Macri y Cornejo vuelvan a formar parte de una alianza, como lo fue Juntos por el Cambio, son pr\u00e1cticamente nulas. La \u00fanica manera de que ambos dirigentes se encuentren en un mismo esquema pol\u00edtico es si tanto sus sectores del PRO como de la UCR logren una alianza con La Libertad Avanza.<\/p>\n\n\n\n<p><strong>Fuente: www.elsol.com.ar<\/strong><\/p>\n","protected":false},"excerpt":{"rendered":"<p>El expresidente&nbsp;Mauricio Macri&nbsp;arribar\u00e1 a&nbsp;Mendoza&nbsp;durante la&nbsp;primera semana de abril.&nbsp;Si bien la fecha no est\u00e1 confirmada, la intenci\u00f3n es que el presidente del PRO a nivel nacional visite la provincia luego de su paso por C\u00f3rdoba. El motivo de su visita se enmarca en su intenci\u00f3n de fortalecer su armado pol\u00edtico a nivel nacional y continuar con [&hellip;]<\/p>\n","protected":false},"author":2,"featured_media":11985,"comment_status":"open","ping_status":"open","sticky":false,"template":"","format":"standard","meta":[],"categories":[47],"tags":[],"_links":{"self":[{"href":"https:\/\/pasaenmendoza.com\/index.php?rest_route=\/wp\/v2\/posts\/11984"}],"collection":[{"href":"https:\/\/pasaenmendoza.com\/index.php?rest_route=\/wp\/v2\/posts"}],"about":[{"href":"https:\/\/pasaenmendoza.com\/index.php?rest_route=\/wp\/v2\/types\/post"}],"author":[{"embeddable":true,"href":"https:\/\/pasaenmendoza.com\/index.php?rest_route=\/wp\/v2\/users\/2"}],"replies":[{"embeddable":true,"href":"https:\/\/pasaenmendoza.com\/index.php?rest_route=%2Fwp%2Fv2%2Fcomments&post=11984"}],"version-history":[{"count":1,"href":"https:\/\/pasaenmendoza.com\/index.php?rest_route=\/wp\/v2\/posts\/11984\/revisions"}],"predecessor-version":[{"id":11986,"href":"https:\/\/pasaenmendoza.com\/index.php?rest_route=\/wp\/v2\/posts\/11984\/revisions\/11986"}],"wp:featuredmedia":[{"embeddable":true,"href":"https:\/\/pasaenmendoza.com\/index.php?rest_route=\/wp\/v2\/media\/11985"}],"wp:attachment":[{"href":"https:\/\/pasaenmendoza.com\/index.php?rest_route=%2Fwp%2Fv2%2Fmedia&parent=11984"}],"wp:term":[{"taxonomy":"category","embeddable":true,"href":"https:\/\/pasaenmendoza.com\/index.php?rest_route=%2Fwp%2Fv2%2Fcategories&post=11984"},{"taxonomy":"post_tag","embeddable":true,"href":"https:\/\/pasaenmendoza.com\/index.php?rest_route=%2Fwp%2Fv2%2Ftags&post=11984"}],"curies":[{"name":"wp","href":"https:\/\/api.w.org\/{rel}","templated":true}]}}