{"id":11987,"date":"2025-03-12T22:39:07","date_gmt":"2025-03-12T21:39:07","guid":{"rendered":"https:\/\/pasaenmendoza.com\/?p=11987"},"modified":"2025-03-12T22:39:08","modified_gmt":"2025-03-12T21:39:08","slug":"cornejo-inauguro-el-centro-de-dia-de-osep-san-rafael","status":"publish","type":"post","link":"https:\/\/pasaenmendoza.com\/?p=11987","title":{"rendered":"Cornejo inaugur\u00f3 el Centro de D\u00eda de OSEP San Rafael"},"content":{"rendered":"\n<p>Este mi\u00e9rcoles, el Gobernador de Mendoza, Alfredo Cornejo, junto a la vicegobernadora Hebe Casado, encabezaron la inauguraci\u00f3n del nuevo Hospital de D\u00eda en las instalaciones de la Obra Social de Empleados P\u00fablicos (OSEP) en San Rafael. La puesta en funcionamiento de este espacio representa un avance significativo en la atenci\u00f3n oncol\u00f3gica en el sur de la provincia.<\/p>\n\n\n\n<p>El evento tambi\u00e9n cont\u00f3 con la presencia del ministro de Salud y Deportes, Rodolfo Montero; el director general de OSEP, Carlos Funes; y el director de la Fundaci\u00f3n Escuela de Medicina Nuclear (FUESMEN), Sebasti\u00e1n Parisi. Durante la inauguraci\u00f3n, los funcionarios destacaron la importancia de esta nueva infraestructura, dise\u00f1ada para brindar tratamientos de quimioterapia, inmunoterapia y hormonoterapia sin necesidad de internaci\u00f3n.<\/p>\n\n\n\n<h3 class=\"wp-block-heading\">Un nuevo servicio clave para el Sur provincial<\/h3>\n\n\n\n<p>Ubicado en el primer piso del edificio de OSEP en San Rafael, el Hospital de D\u00eda est\u00e1 equipado para garantizar una atenci\u00f3n de calidad a pacientes oncol\u00f3gicos. FUESMEN ser\u00e1 la entidad encargada de operar el servicio, que contar\u00e1 con siete sillones especializados, personal m\u00e9dico capacitado, dos consultorios, un shock room, enfermer\u00eda y una sala de recepci\u00f3n, adem\u00e1s de sanitarios adaptados para las necesidades de los pacientes.<\/p>\n\n\n\n<p>El horario de atenci\u00f3n ser\u00e1 de lunes a viernes, de 8 a 17 horas, y estar\u00e1 disponible tanto para afiliados de OSEP como para pacientes de la comunidad en general, independientemente de su cobertura m\u00e9dica.<\/p>\n\n\n\n<h3 class=\"wp-block-heading\">Autoridades destacan el impacto positivo del nuevo centro<\/h3>\n\n\n\n<p>El ministro de Salud y Deportes, Rodolfo Montero, destac\u00f3 que la inauguraci\u00f3n de este centro es parte de un plan que se viene gestando desde hace tiempo y que ya est\u00e1 mostrando resultados concretos. &#8220;Estamos inaugurando una etapa intermedia de este servicio oncol\u00f3gico para pacientes que antes se trataban en la FUESMEN y que ahora podr\u00e1n recibir atenci\u00f3n en este nuevo espacio, mejorando sustancialmente la calidad del servicio&#8221;, expres\u00f3 Montero.<\/p>\n\n\n\n<p>Por su parte, la vicegobernadora Hebe Casado subray\u00f3 que esta iniciativa &#8220;reafirma el compromiso del Gobierno de Mendoza con el fortalecimiento del sector p\u00fablico y la expansi\u00f3n de servicios esenciales para la comunidad&#8221;. Asimismo, destac\u00f3 la importancia del trabajo conjunto entre distintas \u00e1reas y sectores para garantizar el acceso a una atenci\u00f3n de salud de calidad en la regi\u00f3n.<\/p>\n\n\n\n<p><strong>Fuente: www.minutoya.com<\/strong><\/p>\n","protected":false},"excerpt":{"rendered":"<p>Este mi\u00e9rcoles, el Gobernador de Mendoza, Alfredo Cornejo, junto a la vicegobernadora Hebe Casado, encabezaron la inauguraci\u00f3n del nuevo Hospital de D\u00eda en las instalaciones de la Obra Social de Empleados P\u00fablicos (OSEP) en San Rafael. La puesta en funcionamiento de este espacio representa un avance significativo en la atenci\u00f3n oncol\u00f3gica en el sur de [&hellip;]<\/p>\n","protected":false},"author":2,"featured_media":11988,"comment_status":"open","ping_status":"open","sticky":false,"template":"","format":"standard","meta":[],"categories":[47],"tags":[],"_links":{"self":[{"href":"https:\/\/pasaenmendoza.com\/index.php?rest_route=\/wp\/v2\/posts\/11987"}],"collection":[{"href":"https:\/\/pasaenmendoza.com\/index.php?rest_route=\/wp\/v2\/posts"}],"about":[{"href":"https:\/\/pasaenmendoza.com\/index.php?rest_route=\/wp\/v2\/types\/post"}],"author":[{"embeddable":true,"href":"https:\/\/pasaenmendoza.com\/index.php?rest_route=\/wp\/v2\/users\/2"}],"replies":[{"embeddable":true,"href":"https:\/\/pasaenmendoza.com\/index.php?rest_route=%2Fwp%2Fv2%2Fcomments&post=11987"}],"version-history":[{"count":1,"href":"https:\/\/pasaenmendoza.com\/index.php?rest_route=\/wp\/v2\/posts\/11987\/revisions"}],"predecessor-version":[{"id":11989,"href":"https:\/\/pasaenmendoza.com\/index.php?rest_route=\/wp\/v2\/posts\/11987\/revisions\/11989"}],"wp:featuredmedia":[{"embeddable":true,"href":"https:\/\/pasaenmendoza.com\/index.php?rest_route=\/wp\/v2\/media\/11988"}],"wp:attachment":[{"href":"https:\/\/pasaenmendoza.com\/index.php?rest_route=%2Fwp%2Fv2%2Fmedia&parent=11987"}],"wp:term":[{"taxonomy":"category","embeddable":true,"href":"https:\/\/pasaenmendoza.com\/index.php?rest_route=%2Fwp%2Fv2%2Fcategories&post=11987"},{"taxonomy":"post_tag","embeddable":true,"href":"https:\/\/pasaenmendoza.com\/index.php?rest_route=%2Fwp%2Fv2%2Ftags&post=11987"}],"curies":[{"name":"wp","href":"https:\/\/api.w.org\/{rel}","templated":true}]}}