{"id":11997,"date":"2025-03-13T13:20:57","date_gmt":"2025-03-13T12:20:57","guid":{"rendered":"https:\/\/pasaenmendoza.com\/?p=11997"},"modified":"2025-03-13T13:20:58","modified_gmt":"2025-03-13T12:20:58","slug":"siguen-los-dias-frescos-asi-estara-el-tiempo-en-mendoza-este-jueves","status":"publish","type":"post","link":"https:\/\/pasaenmendoza.com\/?p=11997","title":{"rendered":"\u00bfSiguen los d\u00edas frescos? As\u00ed estar\u00e1 el tiempo en Mendoza este jueves"},"content":{"rendered":"\n<p>Luego de dos d\u00edas frescos, este jueves subir\u00e1 levemente la temperatura en la provincia de Mendoza. El comienzo de la ma\u00f1ana tuvo una m\u00ednima de 11 grados con un viento fr\u00edo que sorprendi\u00f3 a los mendocinos.<\/p>\n\n\n\n<p>Se espera poca nubosidad con un leve\u00a0<strong>ascenso de la temperatura<\/strong>. La m\u00e1xima se ubicar\u00e1 en los 26\u00b0C, marcando una suba respecto del fresco mi\u00e9rcoles que atraves\u00f3 Mendoza.<\/p>\n\n\n\n<p>Para viernes, s\u00e1bado y domingo las&nbsp;<strong>temperaturas&nbsp;<\/strong>seguir\u00e1n subiendo: 27\u00b0, 29\u00b0 y 31\u00b0C marcar\u00e1n los term\u00f3metros de cara a cada d\u00eda del fin de semana respecto de las m\u00e1ximas.<\/p>\n\n\n\n<p>Seg\u00fan Contingencias Clim\u00e1ticas, el fin de semana podr\u00edan generarse\u00a0<strong>tormentas aisladas.<\/strong><\/p>\n\n\n\n<p><strong>Fuente: www.elsol.com.ar<\/strong><\/p>\n","protected":false},"excerpt":{"rendered":"<p>Luego de dos d\u00edas frescos, este jueves subir\u00e1 levemente la temperatura en la provincia de Mendoza. El comienzo de la ma\u00f1ana tuvo una m\u00ednima de 11 grados con un viento fr\u00edo que sorprendi\u00f3 a los mendocinos. Se espera poca nubosidad con un leve\u00a0ascenso de la temperatura. La m\u00e1xima se ubicar\u00e1 en los 26\u00b0C, marcando una [&hellip;]<\/p>\n","protected":false},"author":2,"featured_media":11998,"comment_status":"open","ping_status":"open","sticky":false,"template":"","format":"standard","meta":[],"categories":[52],"tags":[],"_links":{"self":[{"href":"https:\/\/pasaenmendoza.com\/index.php?rest_route=\/wp\/v2\/posts\/11997"}],"collection":[{"href":"https:\/\/pasaenmendoza.com\/index.php?rest_route=\/wp\/v2\/posts"}],"about":[{"href":"https:\/\/pasaenmendoza.com\/index.php?rest_route=\/wp\/v2\/types\/post"}],"author":[{"embeddable":true,"href":"https:\/\/pasaenmendoza.com\/index.php?rest_route=\/wp\/v2\/users\/2"}],"replies":[{"embeddable":true,"href":"https:\/\/pasaenmendoza.com\/index.php?rest_route=%2Fwp%2Fv2%2Fcomments&post=11997"}],"version-history":[{"count":1,"href":"https:\/\/pasaenmendoza.com\/index.php?rest_route=\/wp\/v2\/posts\/11997\/revisions"}],"predecessor-version":[{"id":11999,"href":"https:\/\/pasaenmendoza.com\/index.php?rest_route=\/wp\/v2\/posts\/11997\/revisions\/11999"}],"wp:featuredmedia":[{"embeddable":true,"href":"https:\/\/pasaenmendoza.com\/index.php?rest_route=\/wp\/v2\/media\/11998"}],"wp:attachment":[{"href":"https:\/\/pasaenmendoza.com\/index.php?rest_route=%2Fwp%2Fv2%2Fmedia&parent=11997"}],"wp:term":[{"taxonomy":"category","embeddable":true,"href":"https:\/\/pasaenmendoza.com\/index.php?rest_route=%2Fwp%2Fv2%2Fcategories&post=11997"},{"taxonomy":"post_tag","embeddable":true,"href":"https:\/\/pasaenmendoza.com\/index.php?rest_route=%2Fwp%2Fv2%2Ftags&post=11997"}],"curies":[{"name":"wp","href":"https:\/\/api.w.org\/{rel}","templated":true}]}}